{"id":262233,"date":"2022-09-11T13:20:48","date_gmt":"2022-09-11T10:20:48","guid":{"rendered":"http:\/\/107.6.182.27\/tr\/?p=262233"},"modified":"2022-09-12T08:33:07","modified_gmt":"2022-09-12T05:33:07","slug":"isgalci-turkiye-tel-temr-ve-ebu-raseyn-nahiyelerine-saldirdi","status":"publish","type":"post","link":"https:\/\/archive.sana.sy\/tr\/?p=262233","title":{"rendered":"\u0130\u015fgalci T\u00fcrkiye, Tel Temr Ve Ebu Raseyn Nahiyelerine Sald\u0131rd\u0131"},"content":{"rendered":"<p>HASEKE \u2013 T\u00fcrk i\u015fgal g\u00fc\u00e7leri Haseke k\u0131rsal\u0131ndaki Tel Temr ve Ebu Raseyn b\u00f6lgelerine top\u00e7u at\u0131\u015flar\u0131yla sald\u0131r\u0131lar\u0131n\u0131 yeniledi.<\/p>\n<p>Yerel kaynaklar SANA muhabirine yapt\u0131\u011f\u0131 a\u00e7\u0131klamada, T\u00fcrk i\u015fgalci ve ter\u00f6rist \u00e7eteleri, kuzeybat\u0131daki Ebu Raseyn il\u00e7esindeki bir dizi k\u00f6ye y\u00f6nelik bir sald\u0131r\u0131 ile ba\u011flant\u0131l\u0131 olarak, Tel Temr k\u0131rsal\u0131n\u0131n bat\u0131s\u0131ndaki El Kuzeliye k\u00f6y\u00fcne top\u00e7u ve havan toplar\u0131yla sald\u0131rd\u0131\u011f\u0131n\u0131 s\u00f6yledi.<\/p>\n<p><a class=\"qi72231t nu7423ey n3hqoq4p r86q59rh b3qcqh3k fq87ekyn bdao358l fsf7x5fv rse6dlih s5oniofx m8h3af8h l7ghb35v kjdc1dyq kmwttqpk srn514ro oxkhqvkx rl78xhln nch0832m cr00lzj9 rn8ck1ys s3jn8y49 icdlwmnq cxfqmxzd d1w2l3lo tes86rjd\" tabindex=\"0\" role=\"link\" href=\"https:\/\/www.facebook.com\/hashtag\/telegram_kanal%C4%B1m%C4%B1z?__eep__=6&amp;__cft__[0]=AZWmnWkmKtGX16pmQIKwE8-eWqBB4cSxPfgJMfIpdAeFrMoUNYXRqVsgEgZ8XE96D39TJXUFleY6eRAMdxo6WgZwsexzMJFfXe09mRWD2GMTN5kO276kuGXn-51s1W4s2BA&amp;__tn__=*NK-R\">#Telegram_Kanal\u0131m\u0131z<\/a>: <a class=\"qi72231t nu7423ey n3hqoq4p r86q59rh b3qcqh3k fq87ekyn bdao358l fsf7x5fv rse6dlih s5oniofx m8h3af8h l7ghb35v kjdc1dyq kmwttqpk srn514ro oxkhqvkx rl78xhln nch0832m cr00lzj9 rn8ck1ys s3jn8y49 icdlwmnq cxfqmxzd ezidihy3\" tabindex=\"0\" role=\"link\" href=\"https:\/\/t.me\/SuriyeArapHaberAjans?fbclid=IwAR1Bc8o81YZNKO-A0MCAWPYUOy-ncd5ZVgy3pnyvYt8L0rkDZBLHODm82ko\" target=\"_blank\" rel=\"nofollow noopener\">https:\/\/t.me\/SuriyeArapHaberAjans<\/a><\/p>\n","protected":false},"excerpt":{"rendered":"<p>HASEKE \u2013 T\u00fcrk i\u015fgal g\u00fc\u00e7leri Haseke k\u0131rsal\u0131ndaki Tel Temr ve Ebu Raseyn b\u00f6lgelerine top\u00e7u at\u0131\u015flar\u0131yla sald\u0131r\u0131lar\u0131n\u0131 yeniledi. Yerel kaynaklar SANA muhabirine yapt\u0131\u011f\u0131 a\u00e7\u0131klamada, T\u00fcrk i\u015fgalci ve ter\u00f6rist \u00e7eteleri, kuzeybat\u0131daki Ebu Raseyn il\u00e7esindeki bir dizi k\u00f6ye y\u00f6nelik bir sald\u0131r\u0131 ile ba\u011flant\u0131l\u0131 olarak, Tel Temr k\u0131rsal\u0131n\u0131n bat\u0131s\u0131ndaki El Kuzeliye k\u00f6y\u00fcne top\u00e7u ve havan toplar\u0131yla sald\u0131rd\u0131\u011f\u0131n\u0131 s\u00f6yledi. #Telegram_Kanal\u0131m\u0131z: &hellip;<\/p>\n","protected":false},"author":36,"featured_media":262234,"comment_status":"closed","ping_status":"closed","sticky":false,"template":"","format":"standard","meta":{"footnotes":""},"categories":[479,575,17988,478],"tags":[],"class_list":["post-262233","post","type-post","status-publish","format-standard","has-post-thumbnail","","category-haberler-yerel","category-olaylar-ve-gercekler","category-son-haberler","category-yerel"],"_links":{"self":[{"href":"https:\/\/archive.sana.sy\/tr\/index.php?rest_route=\/wp\/v2\/posts\/262233","targetHints":{"allow":["GET"]}}],"collection":[{"href":"https:\/\/archive.sana.sy\/tr\/index.php?rest_route=\/wp\/v2\/posts"}],"about":[{"href":"https:\/\/archive.sana.sy\/tr\/index.php?rest_route=\/wp\/v2\/types\/post"}],"author":[{"embeddable":true,"href":"https:\/\/archive.sana.sy\/tr\/index.php?rest_route=\/wp\/v2\/users\/36"}],"replies":[{"embeddable":true,"href":"https:\/\/archive.sana.sy\/tr\/index.php?rest_route=%2Fwp%2Fv2%2Fcomments&post=262233"}],"version-history":[{"count":0,"href":"https:\/\/archive.sana.sy\/tr\/index.php?rest_route=\/wp\/v2\/posts\/262233\/revisions"}],"wp:featuredmedia":[{"embeddable":true,"href":"https:\/\/archive.sana.sy\/tr\/index.php?rest_route=\/wp\/v2\/media\/262234"}],"wp:attachment":[{"href":"https:\/\/archive.sana.sy\/tr\/index.php?rest_route=%2Fwp%2Fv2%2Fmedia&parent=262233"}],"wp:term":[{"taxonomy":"category","embeddable":true,"href":"https:\/\/archive.sana.sy\/tr\/index.php?rest_route=%2Fwp%2Fv2%2Fcategories&post=262233"},{"taxonomy":"post_tag","embeddable":true,"href":"https:\/\/archive.sana.sy\/tr\/index.php?rest_route=%2Fwp%2Fv2%2Ftags&post=262233"}],"curies":[{"name":"wp","href":"https:\/\/api.w.org\/{rel}","templated":true}]}}