{"id":262248,"date":"2022-09-11T16:51:10","date_gmt":"2022-09-11T13:51:10","guid":{"rendered":"http:\/\/107.6.182.27\/tr\/?p=262248"},"modified":"2022-09-14T08:17:26","modified_gmt":"2022-09-14T05:17:26","slug":"cumhurbaskani-bessar-esad-homstaki-ulusal-seckinler-merkezini-ziyaret-ediyor","status":"publish","type":"post","link":"https:\/\/archive.sana.sy\/tr\/?p=262248","title":{"rendered":"Cumhurba\u015fkan\u0131 Be\u015f\u015far Esad Homs\u2019taki Ulusal Se\u00e7kinler Merkezini Ziyaret Ediyor &#8220;V\u0130DEO&#8221;"},"content":{"rendered":"<p>HOMS \u2013 2009 Y\u0131l\u0131nda Homs\u2019ta Ulusal Se\u00e7kinler Merkezi ulusal bir bilimsel fener olarak hizmet vermeye ba\u015flad\u0131. 2012 y\u0131l\u0131nda ter\u00f6rizmin hedefindeydi. Bundan dolay\u0131 kadrolar\u0131 ve \u00f6\u011frencileri, \u00f6zlemlerini ve sars\u0131lmaz iradelerini yanlar\u0131nda getirerek, \u00e7e\u015fitli \u015fehirler aras\u0131nda ge\u00e7ici merkezlere ta\u015f\u0131nmak i\u00e7in ayr\u0131ld\u0131lar ve bug\u00fcn merkez, m\u00fcfredat, uzmanl\u0131klar, \u00f6\u011fretim ara\u00e7lar\u0131 ve kadrolarda yeni bir parlakl\u0131k ve daha b\u00fcy\u00fck \u00f6zlemlerle geri d\u00f6n\u00fcyor.<img loading=\"lazy\" decoding=\"async\" class=\"size-full wp-image-262320 alignright\" src=\"http:\/\/107.6.182.27\/tr\/wp-content\/uploads\/2022\/09\/1212121212-300x173-1.jpg\" alt=\"\" width=\"300\" height=\"173\" srcset=\"https:\/\/archive.sana.sy\/tr\/wp-content\/uploads\/2022\/09\/1212121212-300x173-1.jpg 300w, https:\/\/archive.sana.sy\/tr\/wp-content\/uploads\/2022\/09\/1212121212-300x173-1-150x87.jpg 150w\" sizes=\"auto, (max-width: 300px) 100vw, 300px\" \/><\/p>\n<p>On \u00fc\u00e7 y\u0131l \u00f6nce, cumhurba\u015fkan\u0131 Be\u015f\u015far Esad bu merkezin a\u00e7\u0131l\u0131\u015f\u0131nda haz\u0131r bulundu ve bug\u00fcn Homs&#8217;ta yeni \u00f6\u011fretim y\u0131l\u0131n\u0131n ba\u015flamas\u0131 ard\u0131ndan yeni e\u011fitim y\u0131l\u0131n\u0131n ilk g\u00fcn\u00fcnde cumhurba\u015fkan\u0131 Esad, merkezin \u00a0personeline ve \u00f6\u011frencilerine geri d\u00f6n\u00fc\u015flerinde sevin\u00e7 ve gurur, yetenek, imkanlar ve ba\u015far\u0131larda umut, y\u0131k\u0131m kar\u015f\u0131s\u0131nda in\u015fa ve cehalet kar\u015f\u0131s\u0131nda bilim mesaj\u0131 verdi.<\/p>\n<p>Ziyareti esnas\u0131nda, laboratuvar ve e\u011fitim b\u00f6l\u00fcmlerini g\u00f6zden ge\u00e7iren\u00a0 cumhurba\u015fkan\u0131 Esad, M\u00fckemmellik ve Yarat\u0131c\u0131l\u0131k Kurumu Sekreterleri Kurulu , Ulusal Se\u00e7kinler Merkezi Bilimsel \u0130\u015fler Konseyi, Uzman ve M\u00fctehass\u0131slar Komitesi ile bir araya gelerek, bilimsel ve ekonomik de\u011fi\u015fimler do\u011frultusunda e\u011fitimin ilerletilmesi, \u00fcretim ve hizmet sekt\u00f6rlerine yans\u0131yacak ara\u015ft\u0131rma yolunun nas\u0131l desteklenebilece\u011fi konusundaki \u00f6neri ve fikirlerini onlarla g\u00f6r\u00fc\u015ft\u00fc.<\/p>\n<p><a class=\"qi72231t nu7423ey n3hqoq4p r86q59rh b3qcqh3k fq87ekyn bdao358l fsf7x5fv rse6dlih s5oniofx m8h3af8h l7ghb35v kjdc1dyq kmwttqpk srn514ro oxkhqvkx rl78xhln nch0832m cr00lzj9 rn8ck1ys s3jn8y49 icdlwmnq cxfqmxzd d1w2l3lo tes86rjd\" tabindex=\"0\" role=\"link\" href=\"https:\/\/www.facebook.com\/hashtag\/telegram_kanal%C4%B1m%C4%B1z?__eep__=6&amp;__cft__[0]=AZXXBW7YvlOqLUCpGs24pKuUFB7etQRVwb2YdqT8TlDFwb-tzMTFrTDdR7PY6Br6kXOMK778aPSmMONE9-KD-NIqmunfunxKRKdJ9jgon9KIpZbFVsRLwBV9O-HL_1oQUEs&amp;__tn__=*NK-R\">#Telegram_Kanal\u0131m\u0131z<\/a>: <a class=\"qi72231t nu7423ey n3hqoq4p r86q59rh b3qcqh3k fq87ekyn bdao358l fsf7x5fv rse6dlih s5oniofx m8h3af8h l7ghb35v kjdc1dyq kmwttqpk srn514ro oxkhqvkx rl78xhln nch0832m cr00lzj9 rn8ck1ys s3jn8y49 icdlwmnq cxfqmxzd ezidihy3\" tabindex=\"0\" role=\"link\" href=\"https:\/\/t.me\/SuriyeArapHaberAjans?fbclid=IwAR12_SRwkGvGTjFtsEpqHRFnRk1en0wPBxCAnxoQWlUcTd2wqShBNg7cgbA\" target=\"_blank\" rel=\"nofollow noopener\">https:\/\/t.me\/SuriyeArapHaberAjans<\/a><\/p>\n<p><iframe loading=\"lazy\" title=\"\u062d\u062f\u064a\u062b \u0627\u0644\u0631\u0626\u064a\u0633 \u0627\u0644\u0623\u0633\u062f \u062e\u0644\u0627\u0644 \u0632\u064a\u0627\u0631\u062a\u0647 \u0644\u0644\u0645\u0631\u0643\u0632 \u0627\u0644\u0648\u0637\u0646\u064a \u0644\u0644\u0645\u062a\u0645\u064a\u0632\u064a\u0646 \u0641\u064a \u062d\u0645\u0635\" src=\"https:\/\/www.youtube.com\/embed\/ivHRbj_S2is\" width=\"620\" height=\"348\" frameborder=\"0\" allowfullscreen=\"allowfullscreen\"><\/iframe><\/p>\n<div id='gallery-1' class='gallery galleryid-262248 gallery-columns-1 gallery-size-full'><figure class='gallery-item'>\n\t\t\t<div class='gallery-icon landscape'>\n\t\t\t\t<a href='https:\/\/archive.sana.sy\/tr\/wp-content\/uploads\/2022\/09\/5-25.jpg'><img loading=\"lazy\" decoding=\"async\" width=\"660\" height=\"393\" src=\"https:\/\/archive.sana.sy\/tr\/wp-content\/uploads\/2022\/09\/5-25.jpg\" class=\"attachment-full size-full\" alt=\"\" srcset=\"https:\/\/archive.sana.sy\/tr\/wp-content\/uploads\/2022\/09\/5-25.jpg 660w, https:\/\/archive.sana.sy\/tr\/wp-content\/uploads\/2022\/09\/5-25-300x179.jpg 300w, https:\/\/archive.sana.sy\/tr\/wp-content\/uploads\/2022\/09\/5-25-150x89.jpg 150w\" sizes=\"auto, (max-width: 660px) 100vw, 660px\" \/><\/a>\n\t\t\t<\/div><\/figure><figure class='gallery-item'>\n\t\t\t<div class='gallery-icon landscape'>\n\t\t\t\t<a href='https:\/\/archive.sana.sy\/tr\/wp-content\/uploads\/2022\/09\/4-28.jpg'><img loading=\"lazy\" decoding=\"async\" width=\"660\" height=\"356\" src=\"https:\/\/archive.sana.sy\/tr\/wp-content\/uploads\/2022\/09\/4-28.jpg\" class=\"attachment-full size-full\" alt=\"\" srcset=\"https:\/\/archive.sana.sy\/tr\/wp-content\/uploads\/2022\/09\/4-28.jpg 660w, https:\/\/archive.sana.sy\/tr\/wp-content\/uploads\/2022\/09\/4-28-300x162.jpg 300w, https:\/\/archive.sana.sy\/tr\/wp-content\/uploads\/2022\/09\/4-28-150x81.jpg 150w\" sizes=\"auto, (max-width: 660px) 100vw, 660px\" \/><\/a>\n\t\t\t<\/div><\/figure><figure class='gallery-item'>\n\t\t\t<div class='gallery-icon landscape'>\n\t\t\t\t<a href='https:\/\/archive.sana.sy\/tr\/wp-content\/uploads\/2022\/09\/3-29.jpg'><img loading=\"lazy\" decoding=\"async\" width=\"660\" height=\"396\" src=\"https:\/\/archive.sana.sy\/tr\/wp-content\/uploads\/2022\/09\/3-29.jpg\" class=\"attachment-full size-full\" alt=\"\" srcset=\"https:\/\/archive.sana.sy\/tr\/wp-content\/uploads\/2022\/09\/3-29.jpg 660w, https:\/\/archive.sana.sy\/tr\/wp-content\/uploads\/2022\/09\/3-29-300x180.jpg 300w, https:\/\/archive.sana.sy\/tr\/wp-content\/uploads\/2022\/09\/3-29-150x90.jpg 150w\" sizes=\"auto, (max-width: 660px) 100vw, 660px\" \/><\/a>\n\t\t\t<\/div><\/figure>\n\t\t<\/div>\n\n<p>&nbsp;<\/p>\n","protected":false},"excerpt":{"rendered":"<p>HOMS \u2013 2009 Y\u0131l\u0131nda Homs\u2019ta Ulusal Se\u00e7kinler Merkezi ulusal bir bilimsel fener olarak hizmet vermeye ba\u015flad\u0131. 2012 y\u0131l\u0131nda ter\u00f6rizmin hedefindeydi. Bundan dolay\u0131 kadrolar\u0131 ve \u00f6\u011frencileri, \u00f6zlemlerini ve sars\u0131lmaz iradelerini yanlar\u0131nda getirerek, \u00e7e\u015fitli \u015fehirler aras\u0131nda ge\u00e7ici merkezlere ta\u015f\u0131nmak i\u00e7in ayr\u0131ld\u0131lar ve bug\u00fcn merkez, m\u00fcfredat, uzmanl\u0131klar, \u00f6\u011fretim ara\u00e7lar\u0131 ve kadrolarda yeni bir parlakl\u0131k ve daha b\u00fcy\u00fck \u00f6zlemlerle &hellip;<\/p>\n","protected":false},"author":41,"featured_media":262251,"comment_status":"closed","ping_status":"closed","sticky":false,"template":"","format":"standard","meta":{"footnotes":""},"categories":[1],"tags":[],"class_list":["post-262248","post","type-post","status-publish","format-standard","has-post-thumbnail","","category-news-not-sorted"],"_links":{"self":[{"href":"https:\/\/archive.sana.sy\/tr\/index.php?rest_route=\/wp\/v2\/posts\/262248","targetHints":{"allow":["GET"]}}],"collection":[{"href":"https:\/\/archive.sana.sy\/tr\/index.php?rest_route=\/wp\/v2\/posts"}],"about":[{"href":"https:\/\/archive.sana.sy\/tr\/index.php?rest_route=\/wp\/v2\/types\/post"}],"author":[{"embeddable":true,"href":"https:\/\/archive.sana.sy\/tr\/index.php?rest_route=\/wp\/v2\/users\/41"}],"replies":[{"embeddable":true,"href":"https:\/\/archive.sana.sy\/tr\/index.php?rest_route=%2Fwp%2Fv2%2Fcomments&post=262248"}],"version-history":[{"count":0,"href":"https:\/\/archive.sana.sy\/tr\/index.php?rest_route=\/wp\/v2\/posts\/262248\/revisions"}],"wp:featuredmedia":[{"embeddable":true,"href":"https:\/\/archive.sana.sy\/tr\/index.php?rest_route=\/wp\/v2\/media\/262251"}],"wp:attachment":[{"href":"https:\/\/archive.sana.sy\/tr\/index.php?rest_route=%2Fwp%2Fv2%2Fmedia&parent=262248"}],"wp:term":[{"taxonomy":"category","embeddable":true,"href":"https:\/\/archive.sana.sy\/tr\/index.php?rest_route=%2Fwp%2Fv2%2Fcategories&post=262248"},{"taxonomy":"post_tag","embeddable":true,"href":"https:\/\/archive.sana.sy\/tr\/index.php?rest_route=%2Fwp%2Fv2%2Ftags&post=262248"}],"curies":[{"name":"wp","href":"https:\/\/api.w.org\/{rel}","templated":true}]}}