{"id":262300,"date":"2022-09-11T16:51:59","date_gmt":"2022-09-11T13:51:59","guid":{"rendered":"http:\/\/107.6.182.27\/tr\/?p=262300"},"modified":"2022-09-12T12:02:08","modified_gmt":"2022-09-12T09:02:08","slug":"cumhurbaskani-bessar-esad-homstaki-ulusal-seckinler-merkezini-ziyaret-ediyor-2","status":"publish","type":"post","link":"https:\/\/archive.sana.sy\/tr\/?p=262300","title":{"rendered":"Esad Homs Ulusal M\u00fckemmeliyet Merkezi \u00d6\u011frenci Ve Personeline: Vatan Sevgisi Duygularla De\u011fil, \u00c7al\u0131\u015fmayla, Bilimle, Ba\u015far\u0131yla, Savunmayla Ve Onun \u0130\u00e7in Fedakarl\u0131kla Yap\u0131l\u0131r"},"content":{"rendered":"<p>Esad Homs Ulusal M\u00fckemmeliyet Merkezi \u00d6\u011frenci Ve Personeline: Vatan Sevgisi Duygularla De\u011fil, \u00c7al\u0131\u015fmayla, Bilimle, Ba\u015far\u0131yla, Savunmayla Ve Onun \u0130\u00e7in Fedakarl\u0131kla Yap\u0131l\u0131r<\/p>\n<p><iframe loading=\"lazy\" title=\"\u062d\u062f\u064a\u062b \u0627\u0644\u0631\u0626\u064a\u0633 \u0627\u0644\u0623\u0633\u062f \u062e\u0644\u0627\u0644 \u0632\u064a\u0627\u0631\u062a\u0647 \u0644\u0644\u0645\u0631\u0643\u0632 \u0627\u0644\u0648\u0637\u0646\u064a \u0644\u0644\u0645\u062a\u0645\u064a\u0632\u064a\u0646 \u0641\u064a \u062d\u0645\u0635\" src=\"https:\/\/www.youtube.com\/embed\/ivHRbj_S2is\" width=\"620\" height=\"348\" frameborder=\"0\" allowfullscreen=\"allowfullscreen\"><\/iframe><\/p>\n","protected":false},"excerpt":{"rendered":"<p>Esad Homs Ulusal M\u00fckemmeliyet Merkezi \u00d6\u011frenci Ve Personeline: Vatan Sevgisi Duygularla De\u011fil, \u00c7al\u0131\u015fmayla, Bilimle, Ba\u015far\u0131yla, Savunmayla Ve Onun \u0130\u00e7in Fedakarl\u0131kla Yap\u0131l\u0131r<\/p>\n","protected":false},"author":39,"featured_media":262301,"comment_status":"closed","ping_status":"closed","sticky":false,"template":"","format":"standard","meta":{"footnotes":""},"categories":[18295],"tags":[],"class_list":["post-262300","post","type-post","status-publish","format-standard","has-post-thumbnail","","category-sana-video"],"_links":{"self":[{"href":"https:\/\/archive.sana.sy\/tr\/index.php?rest_route=\/wp\/v2\/posts\/262300","targetHints":{"allow":["GET"]}}],"collection":[{"href":"https:\/\/archive.sana.sy\/tr\/index.php?rest_route=\/wp\/v2\/posts"}],"about":[{"href":"https:\/\/archive.sana.sy\/tr\/index.php?rest_route=\/wp\/v2\/types\/post"}],"author":[{"embeddable":true,"href":"https:\/\/archive.sana.sy\/tr\/index.php?rest_route=\/wp\/v2\/users\/39"}],"replies":[{"embeddable":true,"href":"https:\/\/archive.sana.sy\/tr\/index.php?rest_route=%2Fwp%2Fv2%2Fcomments&post=262300"}],"version-history":[{"count":0,"href":"https:\/\/archive.sana.sy\/tr\/index.php?rest_route=\/wp\/v2\/posts\/262300\/revisions"}],"wp:featuredmedia":[{"embeddable":true,"href":"https:\/\/archive.sana.sy\/tr\/index.php?rest_route=\/wp\/v2\/media\/262301"}],"wp:attachment":[{"href":"https:\/\/archive.sana.sy\/tr\/index.php?rest_route=%2Fwp%2Fv2%2Fmedia&parent=262300"}],"wp:term":[{"taxonomy":"category","embeddable":true,"href":"https:\/\/archive.sana.sy\/tr\/index.php?rest_route=%2Fwp%2Fv2%2Fcategories&post=262300"},{"taxonomy":"post_tag","embeddable":true,"href":"https:\/\/archive.sana.sy\/tr\/index.php?rest_route=%2Fwp%2Fv2%2Ftags&post=262300"}],"curies":[{"name":"wp","href":"https:\/\/api.w.org\/{rel}","templated":true}]}}