{"id":262356,"date":"2022-09-12T16:32:40","date_gmt":"2022-09-12T13:32:40","guid":{"rendered":"http:\/\/107.6.182.27\/tr\/?p=262356"},"modified":"2022-09-13T08:25:42","modified_gmt":"2022-09-13T05:25:42","slug":"hasekede-bir-motosikletin-patlamasi-sonucu-uc-cocuk-sehit-dustu","status":"publish","type":"post","link":"https:\/\/archive.sana.sy\/tr\/?p=262356","title":{"rendered":"Haseke&#8217;de\u00a0 Bir Motosikletin Patlamas\u0131 Sonucu \u00dc\u00e7 \u00c7ocuk \u015eehit\u00a0 D\u00fc\u015ft\u00fc"},"content":{"rendered":"<p>HASEKE \u2013 Haseke \u015fehrinin bat\u0131s\u0131ndaki Amerikan i\u015fgaline ba\u011fl\u0131 \u201cDSG\u201d milisleri taraf\u0131ndan kontrol edilen El Tuveyne kamp\u0131nda bomba y\u00fckl\u00fc bir motosikletin patlamas\u0131 sonucu \u00fc\u00e7 \u00e7ocuk \u015fehit d\u00fc\u015ft\u00fc, di\u011ferleri de yaraland\u0131.<\/p>\n<p>Yerel kaynaklar Haseke&#8217;deki SANA muhabirine verdi\u011fi deme\u00e7te, patlaman\u0131n bat\u0131 k\u0131rsal\u0131ndaki El Tuveyne kasabas\u0131 yak\u0131nlar\u0131nda bulunan kamp\u0131n bat\u0131 taraf\u0131nda, yerinden edilenlerin \u00e7ad\u0131rlar\u0131n\u0131n yan\u0131na park edilmi\u015f bomba y\u00fckl\u00fc\u00a0 motosiklette ger\u00e7ekle\u015fti\u011fini, \u00a0patlaman\u0131n \u00fc\u00e7 \u00e7ocu\u011fun \u015fehit d\u00fc\u015fmesine \u00a0ve \u00e7ok say\u0131da sakinin yaralanmas\u0131na neden oldu\u011funu belirtti.<\/p>\n<p><a class=\"qi72231t nu7423ey n3hqoq4p r86q59rh b3qcqh3k fq87ekyn bdao358l fsf7x5fv rse6dlih s5oniofx m8h3af8h l7ghb35v kjdc1dyq kmwttqpk srn514ro oxkhqvkx rl78xhln nch0832m cr00lzj9 rn8ck1ys s3jn8y49 icdlwmnq cxfqmxzd d1w2l3lo tes86rjd\" tabindex=\"0\" role=\"link\" href=\"https:\/\/www.facebook.com\/hashtag\/telegram_kanal%C4%B1m%C4%B1z?__eep__=6&amp;__cft__[0]=AZWBAVQ_9oc2CiIzLQz1wYTJnA3NBoIIGpGEcJSLcNCCSroNzHfTtM40tg2PgRLf2bjFjmCrK3t-5gy_lLDsznaarAZzWDflDCBIPRmhffvr5aJN5EDaV3UaIamwFiPh-dM&amp;__tn__=*NK-R\">#Telegram_Kanal\u0131m\u0131z<\/a>: <a class=\"qi72231t nu7423ey n3hqoq4p r86q59rh b3qcqh3k fq87ekyn bdao358l fsf7x5fv rse6dlih s5oniofx m8h3af8h l7ghb35v kjdc1dyq kmwttqpk srn514ro oxkhqvkx rl78xhln nch0832m cr00lzj9 rn8ck1ys s3jn8y49 icdlwmnq cxfqmxzd ezidihy3\" tabindex=\"0\" role=\"link\" href=\"https:\/\/t.me\/SuriyeArapHaberAjans?fbclid=IwAR2APtwW9tLtIIsG-pDKnDwSLbTAhjae9iaWBFWsKNT1BZeQ31DESykOv_0\" target=\"_blank\" rel=\"nofollow noopener\">https:\/\/t.me\/SuriyeArapHaberAjans<\/a><\/p>\n","protected":false},"excerpt":{"rendered":"<p>HASEKE \u2013 Haseke \u015fehrinin bat\u0131s\u0131ndaki Amerikan i\u015fgaline ba\u011fl\u0131 \u201cDSG\u201d milisleri taraf\u0131ndan kontrol edilen El Tuveyne kamp\u0131nda bomba y\u00fckl\u00fc bir motosikletin patlamas\u0131 sonucu \u00fc\u00e7 \u00e7ocuk \u015fehit d\u00fc\u015ft\u00fc, di\u011ferleri de yaraland\u0131. Yerel kaynaklar Haseke&#8217;deki SANA muhabirine verdi\u011fi deme\u00e7te, patlaman\u0131n bat\u0131 k\u0131rsal\u0131ndaki El Tuveyne kasabas\u0131 yak\u0131nlar\u0131nda bulunan kamp\u0131n bat\u0131 taraf\u0131nda, yerinden edilenlerin \u00e7ad\u0131rlar\u0131n\u0131n yan\u0131na park edilmi\u015f bomba y\u00fckl\u00fc\u00a0 &hellip;<\/p>\n","protected":false},"author":41,"featured_media":262357,"comment_status":"closed","ping_status":"closed","sticky":false,"template":"","format":"standard","meta":{"footnotes":""},"categories":[479,575,17988,478],"tags":[],"class_list":["post-262356","post","type-post","status-publish","format-standard","has-post-thumbnail","","category-haberler-yerel","category-olaylar-ve-gercekler","category-son-haberler","category-yerel"],"_links":{"self":[{"href":"https:\/\/archive.sana.sy\/tr\/index.php?rest_route=\/wp\/v2\/posts\/262356","targetHints":{"allow":["GET"]}}],"collection":[{"href":"https:\/\/archive.sana.sy\/tr\/index.php?rest_route=\/wp\/v2\/posts"}],"about":[{"href":"https:\/\/archive.sana.sy\/tr\/index.php?rest_route=\/wp\/v2\/types\/post"}],"author":[{"embeddable":true,"href":"https:\/\/archive.sana.sy\/tr\/index.php?rest_route=\/wp\/v2\/users\/41"}],"replies":[{"embeddable":true,"href":"https:\/\/archive.sana.sy\/tr\/index.php?rest_route=%2Fwp%2Fv2%2Fcomments&post=262356"}],"version-history":[{"count":0,"href":"https:\/\/archive.sana.sy\/tr\/index.php?rest_route=\/wp\/v2\/posts\/262356\/revisions"}],"wp:featuredmedia":[{"embeddable":true,"href":"https:\/\/archive.sana.sy\/tr\/index.php?rest_route=\/wp\/v2\/media\/262357"}],"wp:attachment":[{"href":"https:\/\/archive.sana.sy\/tr\/index.php?rest_route=%2Fwp%2Fv2%2Fmedia&parent=262356"}],"wp:term":[{"taxonomy":"category","embeddable":true,"href":"https:\/\/archive.sana.sy\/tr\/index.php?rest_route=%2Fwp%2Fv2%2Fcategories&post=262356"},{"taxonomy":"post_tag","embeddable":true,"href":"https:\/\/archive.sana.sy\/tr\/index.php?rest_route=%2Fwp%2Fv2%2Ftags&post=262356"}],"curies":[{"name":"wp","href":"https:\/\/api.w.org\/{rel}","templated":true}]}}