{"id":262362,"date":"2022-09-12T19:33:43","date_gmt":"2022-09-12T16:33:43","guid":{"rendered":"http:\/\/107.6.182.27\/tr\/?p=262362"},"modified":"2022-09-13T09:52:24","modified_gmt":"2022-09-13T06:52:24","slug":"turk-ve-amerikan-isgalleri-protesto-edildi","status":"publish","type":"post","link":"https:\/\/archive.sana.sy\/tr\/?p=262362","title":{"rendered":"T\u00fcrk ve Amerikan \u0130\u015fgalleri Protesto Edildi"},"content":{"rendered":"<p>HASEKE- Ra\u015fed a\u015fireti, Kam\u0131\u015fl\u0131 k\u0131rsal\u0131ndaki Amiriyet El Hassu k\u00f6y\u00fcnde Suriyeli kabile ve a\u015firetlerin \u015feyhleri \u200b\u200bve ileri gelenlerinin kat\u0131l\u0131m\u0131yla Amerikan ve T\u00fcrk i\u015fgallerini Protesto etmek ve Suriye topraklar\u0131n\u0131n egemenli\u011fini ve birli\u011fini koruyan Suriye Arap Ordusuna deste\u011fi yenilemek i\u00e7in miting d\u00fczenledi.<\/p>\n<p>El Ra\u015fed a\u015firetinden \u015feyh H\u00fcseyin El Hissu SANA muhabirine yapt\u0131\u011f\u0131 a\u00e7\u0131klamada, Haseke\u2019deki a\u015firetlerin o\u011fullar\u0131n\u0131n yapt\u0131klar\u0131 toplanmadan T\u00fcrk ve Amerikan i\u015fgalini reddetmek, Suriye toprak b\u00fct\u00fcnl\u00fc\u011f\u00fcn\u00fc korumak ve Suriye Arap Ordusu\u2019nun Suriye topraklar\u0131n\u0131 ter\u00f6rden ar\u0131nd\u0131rma davas\u0131nda\u00a0 yan\u0131nda durmak istediklerini vurgulad\u0131.<\/p>\n<p><img loading=\"lazy\" decoding=\"async\" class=\"size-full wp-image-262385 alignright\" src=\"http:\/\/107.6.182.27\/tr\/wp-content\/uploads\/2022\/09\/\u0643\u0643\u0643\u0643\u0643\u0643\u0643\u0643\u0643\u0643\u0643\u0643\u0643-1-300x168-1.jpg\" alt=\"\" width=\"300\" height=\"168\" srcset=\"https:\/\/archive.sana.sy\/tr\/wp-content\/uploads\/2022\/09\/\u0643\u0643\u0643\u0643\u0643\u0643\u0643\u0643\u0643\u0643\u0643\u0643\u0643-1-300x168-1.jpg 300w, https:\/\/archive.sana.sy\/tr\/wp-content\/uploads\/2022\/09\/\u0643\u0643\u0643\u0643\u0643\u0643\u0643\u0643\u0643\u0643\u0643\u0643\u0643-1-300x168-1-150x84.jpg 150w\" sizes=\"auto, (max-width: 300px) 100vw, 300px\" \/>El Cebbur a\u015firetinden \u015eeyh Hasan El Musallat,\u00a0 halk\u0131n Amiriyet El Hassu k\u00f6y\u00fcnde toplanma amac\u0131n\u0131n, Suriye petrol\u00fcn\u00fc ve bu\u011fday\u0131n\u0131 \u00e7alan Amerikan i\u015fgali ve Haseke halk\u0131n\u0131 ya\u015fam\u0131n en \u00f6nemli ihtiya\u00e7lar\u0131ndan yoksun b\u0131rakmak i\u00e7in topraklar\u0131 i\u015fgal eden, su ve elektrik \u015febekelerini hedef alan i\u015fgalci T\u00fcrkiye\u2019nin temsil etti\u011fi her t\u00fcrl\u00fc yasad\u0131\u015f\u0131 yabanc\u0131 varl\u0131\u011f\u0131n reddedilmesi oldu\u011funu belirtti.<\/p>\n<p>\u015eummar a\u015firetinden Ahmed El Muhammed, Suriye El Ceziyre halk\u0131, saflar\u0131 birle\u015ftirmeye ve ter\u00f6rizm ve a\u015f\u0131r\u0131c\u0131l\u0131kla m\u00fccadele etmeye istekli ve Suriye Arap Ordusu&#8217;nun vatan\u0131n her taraf\u0131n\u0131 \u00f6zg\u00fcrle\u015ftirece\u011finden emin oldu\u011funu vurgulad\u0131.<\/p>\n<p>Rahip Saliba Abdullah ise, Haseke il halk\u0131, Suriye Arap Ordusu&#8217;nun kendilerine koruma sa\u011flad\u0131\u011f\u0131ndan ve Suriye halk\u0131n\u0131n ve topraklar\u0131n\u0131n birli\u011fini garanti etti\u011finden emin oldu\u011funu kaydetti.<\/p>\n<p><a class=\"qi72231t nu7423ey n3hqoq4p r86q59rh b3qcqh3k fq87ekyn bdao358l fsf7x5fv rse6dlih s5oniofx m8h3af8h l7ghb35v kjdc1dyq kmwttqpk srn514ro oxkhqvkx rl78xhln nch0832m cr00lzj9 rn8ck1ys s3jn8y49 icdlwmnq cxfqmxzd d1w2l3lo tes86rjd\" tabindex=\"0\" role=\"link\" href=\"https:\/\/www.facebook.com\/hashtag\/telegram_kanal%C4%B1m%C4%B1z?__eep__=6&amp;__cft__[0]=AZWBAVQ_9oc2CiIzLQz1wYTJnA3NBoIIGpGEcJSLcNCCSroNzHfTtM40tg2PgRLf2bjFjmCrK3t-5gy_lLDsznaarAZzWDflDCBIPRmhffvr5aJN5EDaV3UaIamwFiPh-dM&amp;__tn__=*NK-R\">#Telegram_Kanal\u0131m\u0131z<\/a>: <a class=\"qi72231t nu7423ey n3hqoq4p r86q59rh b3qcqh3k fq87ekyn bdao358l fsf7x5fv rse6dlih s5oniofx m8h3af8h l7ghb35v kjdc1dyq kmwttqpk srn514ro oxkhqvkx rl78xhln nch0832m cr00lzj9 rn8ck1ys s3jn8y49 icdlwmnq cxfqmxzd ezidihy3\" tabindex=\"0\" role=\"link\" href=\"https:\/\/t.me\/SuriyeArapHaberAjans?fbclid=IwAR2APtwW9tLtIIsG-pDKnDwSLbTAhjae9iaWBFWsKNT1BZeQ31DESykOv_0\" target=\"_blank\" rel=\"nofollow noopener\">https:\/\/t.me\/SuriyeArapHaberAjans<\/a><\/p>\n","protected":false},"excerpt":{"rendered":"<p>HASEKE- Ra\u015fed a\u015fireti, Kam\u0131\u015fl\u0131 k\u0131rsal\u0131ndaki Amiriyet El Hassu k\u00f6y\u00fcnde Suriyeli kabile ve a\u015firetlerin \u015feyhleri \u200b\u200bve ileri gelenlerinin kat\u0131l\u0131m\u0131yla Amerikan ve T\u00fcrk i\u015fgallerini Protesto etmek ve Suriye topraklar\u0131n\u0131n egemenli\u011fini ve birli\u011fini koruyan Suriye Arap Ordusuna deste\u011fi yenilemek i\u00e7in miting d\u00fczenledi. El Ra\u015fed a\u015firetinden \u015feyh H\u00fcseyin El Hissu SANA muhabirine yapt\u0131\u011f\u0131 a\u00e7\u0131klamada, Haseke\u2019deki a\u015firetlerin o\u011fullar\u0131n\u0131n yapt\u0131klar\u0131 toplanmadan &hellip;<\/p>\n","protected":false},"author":41,"featured_media":262363,"comment_status":"closed","ping_status":"closed","sticky":false,"template":"","format":"standard","meta":{"footnotes":""},"categories":[479,17988,478],"tags":[],"class_list":["post-262362","post","type-post","status-publish","format-standard","has-post-thumbnail","","category-haberler-yerel","category-son-haberler","category-yerel"],"_links":{"self":[{"href":"https:\/\/archive.sana.sy\/tr\/index.php?rest_route=\/wp\/v2\/posts\/262362","targetHints":{"allow":["GET"]}}],"collection":[{"href":"https:\/\/archive.sana.sy\/tr\/index.php?rest_route=\/wp\/v2\/posts"}],"about":[{"href":"https:\/\/archive.sana.sy\/tr\/index.php?rest_route=\/wp\/v2\/types\/post"}],"author":[{"embeddable":true,"href":"https:\/\/archive.sana.sy\/tr\/index.php?rest_route=\/wp\/v2\/users\/41"}],"replies":[{"embeddable":true,"href":"https:\/\/archive.sana.sy\/tr\/index.php?rest_route=%2Fwp%2Fv2%2Fcomments&post=262362"}],"version-history":[{"count":0,"href":"https:\/\/archive.sana.sy\/tr\/index.php?rest_route=\/wp\/v2\/posts\/262362\/revisions"}],"wp:featuredmedia":[{"embeddable":true,"href":"https:\/\/archive.sana.sy\/tr\/index.php?rest_route=\/wp\/v2\/media\/262363"}],"wp:attachment":[{"href":"https:\/\/archive.sana.sy\/tr\/index.php?rest_route=%2Fwp%2Fv2%2Fmedia&parent=262362"}],"wp:term":[{"taxonomy":"category","embeddable":true,"href":"https:\/\/archive.sana.sy\/tr\/index.php?rest_route=%2Fwp%2Fv2%2Fcategories&post=262362"},{"taxonomy":"post_tag","embeddable":true,"href":"https:\/\/archive.sana.sy\/tr\/index.php?rest_route=%2Fwp%2Fv2%2Ftags&post=262362"}],"curies":[{"name":"wp","href":"https:\/\/api.w.org\/{rel}","templated":true}]}}