{"id":262378,"date":"2022-09-12T22:25:43","date_gmt":"2022-09-12T19:25:43","guid":{"rendered":"http:\/\/107.6.182.27\/tr\/?p=262378"},"modified":"2022-09-14T08:10:13","modified_gmt":"2022-09-14T05:10:13","slug":"egitim-ve-bilimsel-arastirma-alaninda-isbirligini-gelistirmek-icin-suriye-iran-gorusmeleri","status":"publish","type":"post","link":"https:\/\/archive.sana.sy\/tr\/?p=262378","title":{"rendered":"E\u011fitim Ve Bilimsel Ara\u015ft\u0131rma Alan\u0131nda \u0130\u015fbirli\u011fini Geli\u015ftirmek \u0130\u00e7in Suriye-\u0130ran G\u00f6r\u00fc\u015fmeleri"},"content":{"rendered":"<p>\u015eAM _ Y\u00fcksek \u00d6\u011frenim ve Bilimsel Ara\u015ft\u0131rma Bakan\u0131 Dr. Bessam \u0130brahim, \u0130ran&#8217;\u0131n \u015eam B\u00fcy\u00fckel\u00e7isi Mehdi S\u00fcbhani ile e\u011fitim ve bilimsel ara\u015ft\u0131rma alan\u0131nda ortak i\u015fbirli\u011fi ili\u015fkilerini g\u00f6r\u00fc\u015ft\u00fc.<\/p>\n<p>G\u00f6r\u00fc\u015fmede Bakan \u0130brahim, iki taraf aras\u0131nda imzalanan y\u00fcr\u00fctme program\u0131n\u0131 etkinle\u015ftirmenin, bilimsel ziyaret al\u0131\u015fveri\u015finde bulunman\u0131n, seminer ve konferanslar d\u00fczenlemenin, Suriye ve \u0130ran \u00fcniversiteleri aras\u0131nda deneyim al\u0131\u015fveri\u015finde bulunman\u0131n ve ortak bilimsel ara\u015ft\u0131rmalar\u0131n \u00f6nemine dikkat \u00e7ekti.<\/p>\n<p><img loading=\"lazy\" decoding=\"async\" class=\"size-full wp-image-262379 alignright\" src=\"http:\/\/107.6.182.27\/tr\/wp-content\/uploads\/2022\/09\/photo_2022-09-12_16-21-17-300x169-1.jpg\" alt=\"\" width=\"300\" height=\"169\" srcset=\"https:\/\/archive.sana.sy\/tr\/wp-content\/uploads\/2022\/09\/photo_2022-09-12_16-21-17-300x169-1.jpg 300w, https:\/\/archive.sana.sy\/tr\/wp-content\/uploads\/2022\/09\/photo_2022-09-12_16-21-17-300x169-1-150x85.jpg 150w\" sizes=\"auto, (max-width: 300px) 100vw, 300px\" \/>Kendi y\u00f6n\u00fcnden \u0130ran b\u00fcy\u00fckel\u00e7isi ise \u00fclkesinin Suriye&#8217;ye y\u00f6nelik destekleyici duru\u015funu vurgulad\u0131, iki \u00fclke aras\u0131ndaki bilimsel ve bilgi i\u015fbirli\u011fini g\u00fc\u00e7lendirmenin, kesin bilimsel disiplinlerde ortak \u00e7al\u0131\u015fma kurman\u0131n ve iki \u00fclkeye hizmet eden t\u00fcm konular\u0131 takip edecek i\u00e7in ortak komiteler olu\u015fturman\u0131n gereklili\u011fine i\u015faret etti.<\/p>\n<p><a class=\"qi72231t nu7423ey n3hqoq4p r86q59rh b3qcqh3k fq87ekyn bdao358l fsf7x5fv rse6dlih s5oniofx m8h3af8h l7ghb35v kjdc1dyq kmwttqpk srn514ro oxkhqvkx rl78xhln nch0832m cr00lzj9 rn8ck1ys s3jn8y49 icdlwmnq cxfqmxzd d1w2l3lo tes86rjd\" tabindex=\"0\" role=\"link\" href=\"https:\/\/www.facebook.com\/hashtag\/telegram_kanal%C4%B1m%C4%B1z?__eep__=6&amp;__cft__[0]=AZUlQyx7wb8uxwPYjzG-qCyRK_Q2PmzYnq6hwNxLaRdXBb7Gjw0IL-xhZMsCa1aSGN6l0l3kNTtADNRR9yfFg51t0apVB57g8GIRY5BPqqdUiyUWrNyARN8zbdV3YTdqli_9YkKXtVNbsxVYjKni4ghem1PD7xl5qP5e92Al2zxJ0g&amp;__tn__=*NK-R\">#Telegram_Kanal\u0131m\u0131z<\/a>: <a class=\"qi72231t nu7423ey n3hqoq4p r86q59rh b3qcqh3k fq87ekyn bdao358l fsf7x5fv rse6dlih s5oniofx m8h3af8h l7ghb35v kjdc1dyq kmwttqpk srn514ro oxkhqvkx rl78xhln nch0832m cr00lzj9 rn8ck1ys s3jn8y49 icdlwmnq cxfqmxzd ezidihy3\" tabindex=\"0\" role=\"link\" href=\"https:\/\/t.me\/SuriyeArapHaberAjans?fbclid=IwAR2S-QT54_3LCRNVSu7ilxtWRYfmOMNR4VjllkYIPLFdkfiOJFLWC_xReSo\" target=\"_blank\" rel=\"nofollow noopener\">https:\/\/t.me\/SuriyeArapHaberAjans<\/a><\/p>\n","protected":false},"excerpt":{"rendered":"<p>\u015eAM _ Y\u00fcksek \u00d6\u011frenim ve Bilimsel Ara\u015ft\u0131rma Bakan\u0131 Dr. Bessam \u0130brahim, \u0130ran&#8217;\u0131n \u015eam B\u00fcy\u00fckel\u00e7isi Mehdi S\u00fcbhani ile e\u011fitim ve bilimsel ara\u015ft\u0131rma alan\u0131nda ortak i\u015fbirli\u011fi ili\u015fkilerini g\u00f6r\u00fc\u015ft\u00fc. G\u00f6r\u00fc\u015fmede Bakan \u0130brahim, iki taraf aras\u0131nda imzalanan y\u00fcr\u00fctme program\u0131n\u0131 etkinle\u015ftirmenin, bilimsel ziyaret al\u0131\u015fveri\u015finde bulunman\u0131n, seminer ve konferanslar d\u00fczenlemenin, Suriye ve \u0130ran \u00fcniversiteleri aras\u0131nda deneyim al\u0131\u015fveri\u015finde bulunman\u0131n ve ortak bilimsel &hellip;<\/p>\n","protected":false},"author":39,"featured_media":262380,"comment_status":"closed","ping_status":"closed","sticky":false,"template":"","format":"standard","meta":{"footnotes":""},"categories":[479,17988,478],"tags":[],"class_list":["post-262378","post","type-post","status-publish","format-standard","has-post-thumbnail","","category-haberler-yerel","category-son-haberler","category-yerel"],"_links":{"self":[{"href":"https:\/\/archive.sana.sy\/tr\/index.php?rest_route=\/wp\/v2\/posts\/262378","targetHints":{"allow":["GET"]}}],"collection":[{"href":"https:\/\/archive.sana.sy\/tr\/index.php?rest_route=\/wp\/v2\/posts"}],"about":[{"href":"https:\/\/archive.sana.sy\/tr\/index.php?rest_route=\/wp\/v2\/types\/post"}],"author":[{"embeddable":true,"href":"https:\/\/archive.sana.sy\/tr\/index.php?rest_route=\/wp\/v2\/users\/39"}],"replies":[{"embeddable":true,"href":"https:\/\/archive.sana.sy\/tr\/index.php?rest_route=%2Fwp%2Fv2%2Fcomments&post=262378"}],"version-history":[{"count":0,"href":"https:\/\/archive.sana.sy\/tr\/index.php?rest_route=\/wp\/v2\/posts\/262378\/revisions"}],"wp:featuredmedia":[{"embeddable":true,"href":"https:\/\/archive.sana.sy\/tr\/index.php?rest_route=\/wp\/v2\/media\/262380"}],"wp:attachment":[{"href":"https:\/\/archive.sana.sy\/tr\/index.php?rest_route=%2Fwp%2Fv2%2Fmedia&parent=262378"}],"wp:term":[{"taxonomy":"category","embeddable":true,"href":"https:\/\/archive.sana.sy\/tr\/index.php?rest_route=%2Fwp%2Fv2%2Fcategories&post=262378"},{"taxonomy":"post_tag","embeddable":true,"href":"https:\/\/archive.sana.sy\/tr\/index.php?rest_route=%2Fwp%2Fv2%2Ftags&post=262378"}],"curies":[{"name":"wp","href":"https:\/\/api.w.org\/{rel}","templated":true}]}}