{"id":262412,"date":"2022-09-13T19:45:57","date_gmt":"2022-09-13T16:45:57","guid":{"rendered":"http:\/\/107.6.182.27\/tr\/?p=262412"},"modified":"2022-09-14T13:22:08","modified_gmt":"2022-09-14T10:22:08","slug":"el-mikdad-grandi-ile-bmmyknin-suriyede-uyguladigi-programlari-gorustu","status":"publish","type":"post","link":"https:\/\/archive.sana.sy\/tr\/?p=262412","title":{"rendered":"El Mikdad, Grandi ile BMMYK&#8217;n\u0131n Suriye&#8217;de Uygulad\u0131\u011f\u0131 Programlar\u0131 G\u00f6r\u00fc\u015ft\u00fc"},"content":{"rendered":"<p>\u015eAM \u2013 D\u0131\u015fi\u015fleri ve Gurbet\u00e7iler Bakan\u0131 Dr. Faysal Mikdad bug\u00fcn, Birle\u015fmi\u015f Milletler M\u00fclteciler Y\u00fcksek Komiseri Filippo Grandi ve beraberindeki heyet ile BMMYK&#8217;n\u0131n Suriye&#8217;de uygulad\u0131\u011f\u0131 programlar\u0131 ve BMMYK ile Suriye aras\u0131ndaki i\u015fbirli\u011fi ve koordinasyon yollar\u0131n\u0131 g\u00f6r\u00fc\u015ft\u00fc.<\/p>\n<p>Bakan Mikdad, Suriye&#8217;nin Komisyon ile i\u015fbirli\u011fine ve ulusal makamlarla koordineli olarak ve Suriyelilerin ger\u00e7ek ihtiya\u00e7lar\u0131na uygun olarak \u00e7al\u0131\u015fmalar\u0131n\u0131 kolayla\u015ft\u0131rmaya verdi\u011fi \u00f6nemi vurgulad\u0131.<\/p>\n<p>Suriye h\u00fck\u00fcmetinin m\u00fcltecilerin d\u00f6n\u00fc\u015f\u00fcn\u00fc kolayla\u015ft\u0131rmak i\u00e7in ald\u0131\u011f\u0131 \u00f6nlemleri anlatan Mikdad, Bat\u0131l\u0131 \u00fclkelerin Suriye halk\u0131na dayatt\u0131\u011f\u0131 tek tarafl\u0131 zorlay\u0131c\u0131 yapt\u0131r\u0131mlar\u0131n getirdi\u011fi zorluklara ve engellere ra\u011fmen geri d\u00f6nenlerin say\u0131s\u0131n\u0131n artt\u0131\u011f\u0131na i\u015faret etti.<\/p>\n<p>Mikdad ayr\u0131ca, bir insan\u0131n \u00f6l\u00fcm\u00fcne yol a\u00e7mayan ter\u00f6r eylemlerine kar\u0131\u015fanlar i\u00e7in af sa\u011flayan 2022 tarihli 7 Say\u0131l\u0131 Kanun H\u00fckm\u00fcnde Kararnamenin Suriyeliler aras\u0131nda b\u0131rakt\u0131\u011f\u0131 b\u00fcy\u00fck memnuniyete dikkat \u00e7ekti.<\/p>\n<p>Kendi y\u00f6n\u00fcnden Grandi ise Komisyonun Suriye&#8217;de uygulad\u0131\u011f\u0131 faaliyetleri ve programlar\u0131n\u0131 sunarak, Suriye&#8217;deki baz\u0131 b\u00f6lgelere yapt\u0131\u011f\u0131 ziyaretlerden edindi\u011fi olumlu izlenimlere i\u015faret ederek, Komisyon ile Suriye h\u00fck\u00fcmeti aras\u0131ndaki i\u015fbirli\u011finin elde etti\u011fi olumlu sonu\u00e7lara tan\u0131kl\u0131k etti\u011fini belirtti.<\/p>\n<p>Komiser, Suriye h\u00fck\u00fcmetinin Komisyonun \u00e7al\u0131\u015fmalar\u0131na sa\u011flad\u0131\u011f\u0131 t\u00fcm kolayl\u0131klar i\u00e7in, \u00f6zellikle geri d\u00f6nen m\u00fcltecilerin s\u0131n\u0131r ge\u00e7i\u015flerinde veya geri d\u00f6n\u00fc\u015f yerlerinde desteklenmesi alan\u0131ndaki koordinasyon a\u00e7\u0131s\u0131ndan Suriye taraf\u0131na te\u015fekk\u00fcr etti.<\/p>\n<p><span style=\"color: #0000ff;\"><a class=\"qi72231t nu7423ey n3hqoq4p r86q59rh b3qcqh3k fq87ekyn bdao358l fsf7x5fv rse6dlih s5oniofx m8h3af8h l7ghb35v kjdc1dyq kmwttqpk srn514ro oxkhqvkx rl78xhln nch0832m cr00lzj9 rn8ck1ys s3jn8y49 icdlwmnq cxfqmxzd d1w2l3lo tes86rjd\" style=\"color: #0000ff;\" tabindex=\"0\" role=\"link\" href=\"https:\/\/www.facebook.com\/hashtag\/telegram_kanal%C4%B1m%C4%B1z?__eep__=6&amp;__cft__[0]=AZUh8GVqWlUiFyfBL8ytgdi2pRQZp5WokUtnRy_m194IZE8n8AeOmJjw8QzBXd6SXv4pb0L961JTjL_XsJ41qU2aLqIEUefsJwxWvgB2HqjcSR0AUYge3NpXz34OyiN7dIw&amp;__tn__=*NK-R\">#Telegram_Kanal\u0131m\u0131z<\/a>: <a class=\"qi72231t nu7423ey n3hqoq4p r86q59rh b3qcqh3k fq87ekyn bdao358l fsf7x5fv rse6dlih s5oniofx m8h3af8h l7ghb35v kjdc1dyq kmwttqpk srn514ro oxkhqvkx rl78xhln nch0832m cr00lzj9 rn8ck1ys s3jn8y49 icdlwmnq cxfqmxzd ezidihy3\" style=\"color: #0000ff;\" tabindex=\"0\" role=\"link\" href=\"https:\/\/t.me\/SuriyeArapHaberAjans?fbclid=IwAR3bJr3cz4wJ5P6OgUU6AZm57S_p5Ef6Aqd2d5NU5krd834K69Kf_6hL4nc\" target=\"_blank\" rel=\"nofollow noopener\">https:\/\/t.me\/SuriyeArapHaberAjans<\/a><\/span><\/p>\n","protected":false},"excerpt":{"rendered":"<p>\u015eAM \u2013 D\u0131\u015fi\u015fleri ve Gurbet\u00e7iler Bakan\u0131 Dr. Faysal Mikdad bug\u00fcn, Birle\u015fmi\u015f Milletler M\u00fclteciler Y\u00fcksek Komiseri Filippo Grandi ve beraberindeki heyet ile BMMYK&#8217;n\u0131n Suriye&#8217;de uygulad\u0131\u011f\u0131 programlar\u0131 ve BMMYK ile Suriye aras\u0131ndaki i\u015fbirli\u011fi ve koordinasyon yollar\u0131n\u0131 g\u00f6r\u00fc\u015ft\u00fc. Bakan Mikdad, Suriye&#8217;nin Komisyon ile i\u015fbirli\u011fine ve ulusal makamlarla koordineli olarak ve Suriyelilerin ger\u00e7ek ihtiya\u00e7lar\u0131na uygun olarak \u00e7al\u0131\u015fmalar\u0131n\u0131 kolayla\u015ft\u0131rmaya verdi\u011fi &hellip;<\/p>\n","protected":false},"author":41,"featured_media":262413,"comment_status":"closed","ping_status":"closed","sticky":false,"template":"","format":"standard","meta":{"footnotes":""},"categories":[479,17988,478],"tags":[],"class_list":["post-262412","post","type-post","status-publish","format-standard","has-post-thumbnail","","category-haberler-yerel","category-son-haberler","category-yerel"],"_links":{"self":[{"href":"https:\/\/archive.sana.sy\/tr\/index.php?rest_route=\/wp\/v2\/posts\/262412","targetHints":{"allow":["GET"]}}],"collection":[{"href":"https:\/\/archive.sana.sy\/tr\/index.php?rest_route=\/wp\/v2\/posts"}],"about":[{"href":"https:\/\/archive.sana.sy\/tr\/index.php?rest_route=\/wp\/v2\/types\/post"}],"author":[{"embeddable":true,"href":"https:\/\/archive.sana.sy\/tr\/index.php?rest_route=\/wp\/v2\/users\/41"}],"replies":[{"embeddable":true,"href":"https:\/\/archive.sana.sy\/tr\/index.php?rest_route=%2Fwp%2Fv2%2Fcomments&post=262412"}],"version-history":[{"count":0,"href":"https:\/\/archive.sana.sy\/tr\/index.php?rest_route=\/wp\/v2\/posts\/262412\/revisions"}],"wp:featuredmedia":[{"embeddable":true,"href":"https:\/\/archive.sana.sy\/tr\/index.php?rest_route=\/wp\/v2\/media\/262413"}],"wp:attachment":[{"href":"https:\/\/archive.sana.sy\/tr\/index.php?rest_route=%2Fwp%2Fv2%2Fmedia&parent=262412"}],"wp:term":[{"taxonomy":"category","embeddable":true,"href":"https:\/\/archive.sana.sy\/tr\/index.php?rest_route=%2Fwp%2Fv2%2Fcategories&post=262412"},{"taxonomy":"post_tag","embeddable":true,"href":"https:\/\/archive.sana.sy\/tr\/index.php?rest_route=%2Fwp%2Fv2%2Ftags&post=262412"}],"curies":[{"name":"wp","href":"https:\/\/api.w.org\/{rel}","templated":true}]}}