{"id":262415,"date":"2022-09-13T19:50:18","date_gmt":"2022-09-13T16:50:18","guid":{"rendered":"http:\/\/107.6.182.27\/tr\/?p=262415"},"modified":"2022-09-15T08:18:58","modified_gmt":"2022-09-15T05:18:58","slug":"cek-televizyonu-sam-tarihin-aktigi-ve-yasadigi-bir-sehir","status":"publish","type":"post","link":"https:\/\/archive.sana.sy\/tr\/?p=262415","title":{"rendered":"\u00c7ek Televizyonu: \u015eam Tarihin Akt\u0131\u011f\u0131 Ve Ya\u015fad\u0131\u011f\u0131 Bir \u015eehir"},"content":{"rendered":"<p>PRAG &#8211; \u201c\u015eam&#8217;\u0131n D\u00f6rt Bir Yan\u0131ndaki Yollarda\u201d&#8230; \u00c7ek televizyonunun Kanal 2 taraf\u0131ndan yay\u0131nlanan ve \u015eam&#8217;\u0131n tarihi ve arkeolojik y\u00f6nlerine, en \u00f6nemli simge yap\u0131lar\u0131na ve ya\u015fam\u0131n y\u00f6nlerine \u0131\u015f\u0131k tutan bir turizm program\u0131na yeni bir ba\u015fl\u0131k olu\u015fturan bir c\u00fcmle.<\/p>\n<p>\u00c7ek televizyon program\u0131n\u0131n y\u00f6netmeni ve yap\u0131mc\u0131s\u0131 Jaroslav Bindra seyircilerine, son yay\u0131n\u0131nda \u015eam&#8217;\u0131 \u201ctarihin ba\u015flad\u0131\u011f\u0131 efsanevi bir \u015fehir\u201d olarak nitelendirerek\u00a0 25 dakikal\u0131k programda, Hicaz Tren \u0130stasyonu ve \u015eam Kalesi&#8217;nin yan\u0131 s\u0131ra Emevi Camii, El Azm Saray\u0131, Ulusal M\u00fcze, S\u00fcleymaniye Tekkesi de dahil olmak \u00fczere \u015eam&#8217;daki en \u00f6nemli tarihi yerlerle bulu\u015fturdu.<\/p>\n<p>\u015eam\u2019\u0131n 10 bin y\u0131ld\u0131r hayat\u0131n kesintisiz devam etti\u011fi en eski \u015fehir oldu\u011funa i\u015faret eden Bindra program s\u0131ras\u0131nda, \u00a0\u015eam&#8217;\u0131n emsalsiz bir zanaatkarl\u0131k \u015fehri, Ortado\u011fu tarihinin a\u00e7\u0131k bir ders kitab\u0131, \u00a0k\u00fclt\u00fcrlerin bulu\u015fma noktas\u0131 ve Do\u011fu&#8217;ya a\u00e7\u0131lan bir kap\u0131 oldu\u011funu belirtti.<\/p>\n","protected":false},"excerpt":{"rendered":"<p>PRAG &#8211; \u201c\u015eam&#8217;\u0131n D\u00f6rt Bir Yan\u0131ndaki Yollarda\u201d&#8230; \u00c7ek televizyonunun Kanal 2 taraf\u0131ndan yay\u0131nlanan ve \u015eam&#8217;\u0131n tarihi ve arkeolojik y\u00f6nlerine, en \u00f6nemli simge yap\u0131lar\u0131na ve ya\u015fam\u0131n y\u00f6nlerine \u0131\u015f\u0131k tutan bir turizm program\u0131na yeni bir ba\u015fl\u0131k olu\u015fturan bir c\u00fcmle. \u00c7ek televizyon program\u0131n\u0131n y\u00f6netmeni ve yap\u0131mc\u0131s\u0131 Jaroslav Bindra seyircilerine, son yay\u0131n\u0131nda \u015eam&#8217;\u0131 \u201ctarihin ba\u015flad\u0131\u011f\u0131 efsanevi bir \u015fehir\u201d olarak &hellip;<\/p>\n","protected":false},"author":41,"featured_media":262416,"comment_status":"closed","ping_status":"closed","sticky":false,"template":"","format":"standard","meta":{"footnotes":""},"categories":[458,459,17988],"tags":[],"class_list":["post-262415","post","type-post","status-publish","format-standard","has-post-thumbnail","","category-dunya1","category-haberler-arap-uluslararasi-politika","category-son-haberler"],"_links":{"self":[{"href":"https:\/\/archive.sana.sy\/tr\/index.php?rest_route=\/wp\/v2\/posts\/262415","targetHints":{"allow":["GET"]}}],"collection":[{"href":"https:\/\/archive.sana.sy\/tr\/index.php?rest_route=\/wp\/v2\/posts"}],"about":[{"href":"https:\/\/archive.sana.sy\/tr\/index.php?rest_route=\/wp\/v2\/types\/post"}],"author":[{"embeddable":true,"href":"https:\/\/archive.sana.sy\/tr\/index.php?rest_route=\/wp\/v2\/users\/41"}],"replies":[{"embeddable":true,"href":"https:\/\/archive.sana.sy\/tr\/index.php?rest_route=%2Fwp%2Fv2%2Fcomments&post=262415"}],"version-history":[{"count":0,"href":"https:\/\/archive.sana.sy\/tr\/index.php?rest_route=\/wp\/v2\/posts\/262415\/revisions"}],"wp:featuredmedia":[{"embeddable":true,"href":"https:\/\/archive.sana.sy\/tr\/index.php?rest_route=\/wp\/v2\/media\/262416"}],"wp:attachment":[{"href":"https:\/\/archive.sana.sy\/tr\/index.php?rest_route=%2Fwp%2Fv2%2Fmedia&parent=262415"}],"wp:term":[{"taxonomy":"category","embeddable":true,"href":"https:\/\/archive.sana.sy\/tr\/index.php?rest_route=%2Fwp%2Fv2%2Fcategories&post=262415"},{"taxonomy":"post_tag","embeddable":true,"href":"https:\/\/archive.sana.sy\/tr\/index.php?rest_route=%2Fwp%2Fv2%2Ftags&post=262415"}],"curies":[{"name":"wp","href":"https:\/\/api.w.org\/{rel}","templated":true}]}}