{"id":262423,"date":"2022-09-13T22:02:42","date_gmt":"2022-09-13T19:02:42","guid":{"rendered":"http:\/\/107.6.182.27\/tr\/?p=262423"},"modified":"2022-09-15T08:19:03","modified_gmt":"2022-09-15T05:19:03","slug":"kamisli-kirsalinda-bir-ordu-kontrol-noktasi-amerikan-isgal-guclerinin-bir-konvoyunu-kovdu","status":"publish","type":"post","link":"https:\/\/archive.sana.sy\/tr\/?p=262423","title":{"rendered":"Kam\u0131\u015fl\u0131 K\u0131rsal\u0131nda Bir Ordu Kontrol Noktas\u0131, Amerikan \u0130\u015fgal G\u00fc\u00e7lerinin Bir Konvoyunu Kovdu"},"content":{"rendered":"<p>HASEKE _ Kendilerine emanet edilen milli g\u00f6revler \u00e7er\u00e7evesinde.. Cesur silahl\u0131 g\u00fc\u00e7lerimiz mensuplar\u0131, Haseke vilayetindeki kontrol noktalar\u0131ndan birinde Amerikan i\u015fgal g\u00fc\u00e7lerine ait bir konvoyu kovdu ve onlar\u0131 b\u00f6lgeden \u00e7\u0131kard\u0131.<\/p>\n<p>SANA muhabiri, Kam\u0131\u015fl\u0131&#8217;n\u0131n g\u00fcneydo\u011fusundaki Mansif b\u00f6lgesinde,\u00a0 4 askeri z\u0131rhl\u0131 ara\u00e7 ve bir k\u00fc\u00e7\u00fck kamyondan olu\u015fan konvoyun \u00f6n\u00fcn\u00fc keserek, b\u00f6lgeden uzakla\u015ft\u0131rd\u0131\u011f\u0131n\u0131 ve geri \u00e7ekilmeye zorlad\u0131\u011f\u0131n\u0131 belirtti.<\/p>\n<p><a class=\"qi72231t nu7423ey n3hqoq4p r86q59rh b3qcqh3k fq87ekyn bdao358l fsf7x5fv rse6dlih s5oniofx m8h3af8h l7ghb35v kjdc1dyq kmwttqpk srn514ro oxkhqvkx rl78xhln nch0832m cr00lzj9 rn8ck1ys s3jn8y49 icdlwmnq cxfqmxzd d1w2l3lo tes86rjd\" tabindex=\"0\" role=\"link\" href=\"https:\/\/www.facebook.com\/hashtag\/telegram_kanal%C4%B1m%C4%B1z?__eep__=6&amp;__cft__[0]=AZUkMNNbeqfzn46JCC_V_Cbz_1yXdVfLnsm34NAAZyEpxMub62kiiZ_Oyql4Pu5mbL_bGn_gYMvBR7nocUjJ9CEEEH0yrZ3IsE37i21XaOnPTnxcwobXI4yp2BS5eF1Fgtfkt6sj9xjYUxDbxxLLvMKPL8w6-CZ7UZZomh4eIdC2HA&amp;__tn__=*NK-R\">#Telegram_Kanal\u0131m\u0131z<\/a>: <a class=\"qi72231t nu7423ey n3hqoq4p r86q59rh b3qcqh3k fq87ekyn bdao358l fsf7x5fv rse6dlih s5oniofx m8h3af8h l7ghb35v kjdc1dyq kmwttqpk srn514ro oxkhqvkx rl78xhln nch0832m cr00lzj9 rn8ck1ys s3jn8y49 icdlwmnq cxfqmxzd ezidihy3\" tabindex=\"0\" role=\"link\" href=\"https:\/\/t.me\/SuriyeArapHaberAjans?fbclid=IwAR1hva7UyI2X2LFboZVp8dfY0ywcTnf7nUg10-fO-NyGSJgL0qg5uN4kGTM\" target=\"_blank\" rel=\"nofollow noopener\">https:\/\/t.me\/SuriyeArapHaberAjans<\/a><\/p>\n","protected":false},"excerpt":{"rendered":"<p>HASEKE _ Kendilerine emanet edilen milli g\u00f6revler \u00e7er\u00e7evesinde.. Cesur silahl\u0131 g\u00fc\u00e7lerimiz mensuplar\u0131, Haseke vilayetindeki kontrol noktalar\u0131ndan birinde Amerikan i\u015fgal g\u00fc\u00e7lerine ait bir konvoyu kovdu ve onlar\u0131 b\u00f6lgeden \u00e7\u0131kard\u0131. SANA muhabiri, Kam\u0131\u015fl\u0131&#8217;n\u0131n g\u00fcneydo\u011fusundaki Mansif b\u00f6lgesinde,\u00a0 4 askeri z\u0131rhl\u0131 ara\u00e7 ve bir k\u00fc\u00e7\u00fck kamyondan olu\u015fan konvoyun \u00f6n\u00fcn\u00fc keserek, b\u00f6lgeden uzakla\u015ft\u0131rd\u0131\u011f\u0131n\u0131 ve geri \u00e7ekilmeye zorlad\u0131\u011f\u0131n\u0131 belirtti. #Telegram_Kanal\u0131m\u0131z: https:\/\/t.me\/SuriyeArapHaberAjans<\/p>\n","protected":false},"author":39,"featured_media":262424,"comment_status":"closed","ping_status":"closed","sticky":false,"template":"","format":"standard","meta":{"footnotes":""},"categories":[479,575,17988,478],"tags":[],"class_list":["post-262423","post","type-post","status-publish","format-standard","has-post-thumbnail","","category-haberler-yerel","category-olaylar-ve-gercekler","category-son-haberler","category-yerel"],"_links":{"self":[{"href":"https:\/\/archive.sana.sy\/tr\/index.php?rest_route=\/wp\/v2\/posts\/262423","targetHints":{"allow":["GET"]}}],"collection":[{"href":"https:\/\/archive.sana.sy\/tr\/index.php?rest_route=\/wp\/v2\/posts"}],"about":[{"href":"https:\/\/archive.sana.sy\/tr\/index.php?rest_route=\/wp\/v2\/types\/post"}],"author":[{"embeddable":true,"href":"https:\/\/archive.sana.sy\/tr\/index.php?rest_route=\/wp\/v2\/users\/39"}],"replies":[{"embeddable":true,"href":"https:\/\/archive.sana.sy\/tr\/index.php?rest_route=%2Fwp%2Fv2%2Fcomments&post=262423"}],"version-history":[{"count":0,"href":"https:\/\/archive.sana.sy\/tr\/index.php?rest_route=\/wp\/v2\/posts\/262423\/revisions"}],"wp:featuredmedia":[{"embeddable":true,"href":"https:\/\/archive.sana.sy\/tr\/index.php?rest_route=\/wp\/v2\/media\/262424"}],"wp:attachment":[{"href":"https:\/\/archive.sana.sy\/tr\/index.php?rest_route=%2Fwp%2Fv2%2Fmedia&parent=262423"}],"wp:term":[{"taxonomy":"category","embeddable":true,"href":"https:\/\/archive.sana.sy\/tr\/index.php?rest_route=%2Fwp%2Fv2%2Fcategories&post=262423"},{"taxonomy":"post_tag","embeddable":true,"href":"https:\/\/archive.sana.sy\/tr\/index.php?rest_route=%2Fwp%2Fv2%2Ftags&post=262423"}],"curies":[{"name":"wp","href":"https:\/\/api.w.org\/{rel}","templated":true}]}}