{"id":262426,"date":"2022-09-14T09:16:56","date_gmt":"2022-09-14T06:16:56","guid":{"rendered":"http:\/\/107.6.182.27\/tr\/?p=262426"},"modified":"2022-09-15T08:19:16","modified_gmt":"2022-09-15T05:19:16","slug":"dera-sehrinde-bir-aracta-patlayici-infilak-etti-2","status":"publish","type":"post","link":"https:\/\/archive.sana.sy\/tr\/?p=262426","title":{"rendered":"Dera \u015eehrinde Bir Ara\u00e7ta Patlay\u0131c\u0131 \u0130nfilak Etti"},"content":{"rendered":"<p>Dera _ Dera \u015fehrinde kimli\u011fi belirsiz ki\u015filerce yerle\u015ftirilen bir patlay\u0131c\u0131, sivil bir ara\u00e7ta infilak etti.<\/p>\n<p>SANA muhabiri, Dera&#8217;n\u0131n El Sed Yolu mahallesinde park halinde bir otomobilin i\u00e7inde kimli\u011fi belirsiz ki\u015filerce yerle\u015ftirdikleri patlay\u0131c\u0131n\u0131n infilak etmesi sonucu yand\u0131\u011f\u0131n\u0131 bildirdi.<\/p>\n<p><a class=\"qi72231t nu7423ey n3hqoq4p r86q59rh b3qcqh3k fq87ekyn bdao358l fsf7x5fv rse6dlih s5oniofx m8h3af8h l7ghb35v kjdc1dyq kmwttqpk srn514ro oxkhqvkx rl78xhln nch0832m cr00lzj9 rn8ck1ys s3jn8y49 icdlwmnq cxfqmxzd d1w2l3lo tes86rjd\" tabindex=\"0\" role=\"link\" href=\"https:\/\/www.facebook.com\/hashtag\/telegram_kanal%C4%B1m%C4%B1z?__eep__=6&amp;__cft__[0]=AZUfh9MpIznkQTn3RWZ_P3pwHuPehC_119wE2d4f6T6ZHQ1-GaL7cQ4nSnqBwsVDp2dQ36ilBtRHZZYIWFIcI0EuhscW3RIqFJwuDGynhkzyVTk5aynIuw2NFTDqEvMsRS0&amp;__tn__=*NK-R\">#Telegram_Kanal\u0131m\u0131z<\/a>: <a class=\"qi72231t nu7423ey n3hqoq4p r86q59rh b3qcqh3k fq87ekyn bdao358l fsf7x5fv rse6dlih s5oniofx m8h3af8h l7ghb35v kjdc1dyq kmwttqpk srn514ro oxkhqvkx rl78xhln nch0832m cr00lzj9 rn8ck1ys s3jn8y49 icdlwmnq cxfqmxzd ezidihy3\" tabindex=\"0\" role=\"link\" href=\"https:\/\/t.me\/SuriyeArapHaberAjans?fbclid=IwAR2nnBlFaUCyCr-OaBi2nF0lsG-L-iO-oZuUuFz_75pMW1T2HLrcn1nq_ZI\" target=\"_blank\" rel=\"nofollow noopener\">https:\/\/t.me\/SuriyeArapHaberAjans<\/a><\/p>\n","protected":false},"excerpt":{"rendered":"<p>Dera _ Dera \u015fehrinde kimli\u011fi belirsiz ki\u015filerce yerle\u015ftirilen bir patlay\u0131c\u0131, sivil bir ara\u00e7ta infilak etti. SANA muhabiri, Dera&#8217;n\u0131n El Sed Yolu mahallesinde park halinde bir otomobilin i\u00e7inde kimli\u011fi belirsiz ki\u015filerce yerle\u015ftirdikleri patlay\u0131c\u0131n\u0131n infilak etmesi sonucu yand\u0131\u011f\u0131n\u0131 bildirdi. #Telegram_Kanal\u0131m\u0131z: https:\/\/t.me\/SuriyeArapHaberAjans<\/p>\n","protected":false},"author":36,"featured_media":262427,"comment_status":"closed","ping_status":"closed","sticky":false,"template":"","format":"standard","meta":{"footnotes":""},"categories":[479,575,17988,478],"tags":[],"class_list":["post-262426","post","type-post","status-publish","format-standard","has-post-thumbnail","","category-haberler-yerel","category-olaylar-ve-gercekler","category-son-haberler","category-yerel"],"_links":{"self":[{"href":"https:\/\/archive.sana.sy\/tr\/index.php?rest_route=\/wp\/v2\/posts\/262426","targetHints":{"allow":["GET"]}}],"collection":[{"href":"https:\/\/archive.sana.sy\/tr\/index.php?rest_route=\/wp\/v2\/posts"}],"about":[{"href":"https:\/\/archive.sana.sy\/tr\/index.php?rest_route=\/wp\/v2\/types\/post"}],"author":[{"embeddable":true,"href":"https:\/\/archive.sana.sy\/tr\/index.php?rest_route=\/wp\/v2\/users\/36"}],"replies":[{"embeddable":true,"href":"https:\/\/archive.sana.sy\/tr\/index.php?rest_route=%2Fwp%2Fv2%2Fcomments&post=262426"}],"version-history":[{"count":0,"href":"https:\/\/archive.sana.sy\/tr\/index.php?rest_route=\/wp\/v2\/posts\/262426\/revisions"}],"wp:featuredmedia":[{"embeddable":true,"href":"https:\/\/archive.sana.sy\/tr\/index.php?rest_route=\/wp\/v2\/media\/262427"}],"wp:attachment":[{"href":"https:\/\/archive.sana.sy\/tr\/index.php?rest_route=%2Fwp%2Fv2%2Fmedia&parent=262426"}],"wp:term":[{"taxonomy":"category","embeddable":true,"href":"https:\/\/archive.sana.sy\/tr\/index.php?rest_route=%2Fwp%2Fv2%2Fcategories&post=262426"},{"taxonomy":"post_tag","embeddable":true,"href":"https:\/\/archive.sana.sy\/tr\/index.php?rest_route=%2Fwp%2Fv2%2Ftags&post=262426"}],"curies":[{"name":"wp","href":"https:\/\/api.w.org\/{rel}","templated":true}]}}