{"id":262441,"date":"2022-09-14T09:06:47","date_gmt":"2022-09-14T06:06:47","guid":{"rendered":"http:\/\/107.6.182.27\/tr\/?p=262441"},"modified":"2022-09-15T08:19:13","modified_gmt":"2022-09-15T05:19:13","slug":"israil-isgal-gucleri-bati-yakada-12-filistinliyi-tutukladi-7","status":"publish","type":"post","link":"https:\/\/archive.sana.sy\/tr\/?p=262441","title":{"rendered":"\u0130srail \u0130\u015fgal G\u00fc\u00e7leri, Bat\u0131 Yaka&#8217;da 12 Filistinliyi Tutuklad\u0131"},"content":{"rendered":"<p>\u0130\u015eGAL ED\u0130LEN KUD\u00dcS \u2013 \u0130srail i\u015fgal g\u00fc\u00e7leri, Bat\u0131 Yaka&#8217;n\u0131n farkl\u0131 b\u00f6lgelerinde 12 Filistinliyi tutuklad\u0131.<\/p>\n<p>Filistinli WAFA Haber Ajans\u0131, \u0130srail i\u015fgal g\u00fc\u00e7lerinin, El Halil kentindeki birka\u00e7 mahalleyi, Ramallah&#8217;taki El Caniye, Silvad ve Deyr Ebu Mi\u015fal beldeleri ve Nablus&#8217;taki Einabus ve Cemayn beldelerine bask\u0131n d\u00fczenledi\u011fini belirtirken, 12 Filistinliyi tutuklad\u0131\u011f\u0131na i\u015faret etti.<\/p>\n<p>El Halil kentinin kuzey giri\u015finde ve Beni Naym, Sayr ve Halhul beldelerinin giri\u015flerinde kontrol noktalar\u0131 kuran i\u015fgal g\u00fc\u00e7leri, Filistinli ara\u00e7lar\u0131n\u0131 durdurarak ge\u00e7i\u015flerini engelledi.<\/p>\n<p><a class=\"qi72231t nu7423ey n3hqoq4p r86q59rh b3qcqh3k fq87ekyn bdao358l fsf7x5fv rse6dlih s5oniofx m8h3af8h l7ghb35v kjdc1dyq kmwttqpk srn514ro oxkhqvkx rl78xhln nch0832m cr00lzj9 rn8ck1ys s3jn8y49 icdlwmnq cxfqmxzd d1w2l3lo tes86rjd\" tabindex=\"0\" role=\"link\" href=\"https:\/\/www.facebook.com\/hashtag\/telegram_kanal%C4%B1m%C4%B1z?__eep__=6&amp;__cft__[0]=AZWvUvkizPWuBs-tpRyZg38u2WyFPDLq-jPU8w3Ztb7-6Oh5vcT_9BL6rTpS9sdGZTBhrLH7ydyjWHbyD9Xiqq-Iu-llDy06CndW1FKpDJooJYNhmNi5r_5pK3R8BOvZ-7w&amp;__tn__=*NK-R\">#Telegram_Kanal\u0131m\u0131z<\/a>: <a class=\"qi72231t nu7423ey n3hqoq4p r86q59rh b3qcqh3k fq87ekyn bdao358l fsf7x5fv rse6dlih s5oniofx m8h3af8h l7ghb35v kjdc1dyq kmwttqpk srn514ro oxkhqvkx rl78xhln nch0832m cr00lzj9 rn8ck1ys s3jn8y49 icdlwmnq cxfqmxzd ezidihy3\" tabindex=\"0\" role=\"link\" href=\"https:\/\/t.me\/SuriyeArapHaberAjans?fbclid=IwAR0_bjOJ-8voxSyD0y8CYX2C0rWTnbG_IC9duJYHiytbnXCR6s0g1r7wwpE\" target=\"_blank\" rel=\"nofollow noopener\">https:\/\/t.me\/SuriyeArapHaberAjans<\/a><\/p>\n","protected":false},"excerpt":{"rendered":"<p>\u0130\u015eGAL ED\u0130LEN KUD\u00dcS \u2013 \u0130srail i\u015fgal g\u00fc\u00e7leri, Bat\u0131 Yaka&#8217;n\u0131n farkl\u0131 b\u00f6lgelerinde 12 Filistinliyi tutuklad\u0131. Filistinli WAFA Haber Ajans\u0131, \u0130srail i\u015fgal g\u00fc\u00e7lerinin, El Halil kentindeki birka\u00e7 mahalleyi, Ramallah&#8217;taki El Caniye, Silvad ve Deyr Ebu Mi\u015fal beldeleri ve Nablus&#8217;taki Einabus ve Cemayn beldelerine bask\u0131n d\u00fczenledi\u011fini belirtirken, 12 Filistinliyi tutuklad\u0131\u011f\u0131na i\u015faret etti. El Halil kentinin kuzey giri\u015finde ve &hellip;<\/p>\n","protected":false},"author":39,"featured_media":262442,"comment_status":"closed","ping_status":"closed","sticky":false,"template":"","format":"standard","meta":{"footnotes":""},"categories":[458,459,17988],"tags":[],"class_list":["post-262441","post","type-post","status-publish","format-standard","has-post-thumbnail","","category-dunya1","category-haberler-arap-uluslararasi-politika","category-son-haberler"],"_links":{"self":[{"href":"https:\/\/archive.sana.sy\/tr\/index.php?rest_route=\/wp\/v2\/posts\/262441","targetHints":{"allow":["GET"]}}],"collection":[{"href":"https:\/\/archive.sana.sy\/tr\/index.php?rest_route=\/wp\/v2\/posts"}],"about":[{"href":"https:\/\/archive.sana.sy\/tr\/index.php?rest_route=\/wp\/v2\/types\/post"}],"author":[{"embeddable":true,"href":"https:\/\/archive.sana.sy\/tr\/index.php?rest_route=\/wp\/v2\/users\/39"}],"replies":[{"embeddable":true,"href":"https:\/\/archive.sana.sy\/tr\/index.php?rest_route=%2Fwp%2Fv2%2Fcomments&post=262441"}],"version-history":[{"count":0,"href":"https:\/\/archive.sana.sy\/tr\/index.php?rest_route=\/wp\/v2\/posts\/262441\/revisions"}],"wp:featuredmedia":[{"embeddable":true,"href":"https:\/\/archive.sana.sy\/tr\/index.php?rest_route=\/wp\/v2\/media\/262442"}],"wp:attachment":[{"href":"https:\/\/archive.sana.sy\/tr\/index.php?rest_route=%2Fwp%2Fv2%2Fmedia&parent=262441"}],"wp:term":[{"taxonomy":"category","embeddable":true,"href":"https:\/\/archive.sana.sy\/tr\/index.php?rest_route=%2Fwp%2Fv2%2Fcategories&post=262441"},{"taxonomy":"post_tag","embeddable":true,"href":"https:\/\/archive.sana.sy\/tr\/index.php?rest_route=%2Fwp%2Fv2%2Ftags&post=262441"}],"curies":[{"name":"wp","href":"https:\/\/api.w.org\/{rel}","templated":true}]}}