{"id":262451,"date":"2022-09-14T17:31:42","date_gmt":"2022-09-14T14:31:42","guid":{"rendered":"http:\/\/107.6.182.27\/tr\/?p=262451"},"modified":"2022-09-15T08:19:47","modified_gmt":"2022-09-15T05:19:47","slug":"ordu-ve-rus-kuvvetlerinin-ortak-operasyonlarinda-yabanci-egitmenler-dahil-cok-sayida-terorist-olduruldu","status":"publish","type":"post","link":"https:\/\/archive.sana.sy\/tr\/?p=262451","title":{"rendered":"Ordu ve Rus Kuvvetlerinin Ortak Operasyonlar\u0131nda Yabanc\u0131 E\u011fitmenler Dahil \u00c7ok Say\u0131da Ter\u00f6rist \u00d6ld\u00fcr\u00fcld\u00fc"},"content":{"rendered":"<p>\u0130DL\u0130B &#8211; Suriye Arap Ordusu ve Rus kuvvetlerinin \u0130dlib k\u0131rsal\u0131nda \u0130HA \u00a0f\u0131rlat\u0131p y\u00f6nlendirmek i\u00e7in ter\u00f6ristlerin e\u011fitim merkezlerini hedef ald\u0131\u011f\u0131 ortak hava ve f\u00fcze sald\u0131r\u0131lar\u0131nda yabanc\u0131 e\u011fitmenler de dahil olmak \u00fczere \u00e7ok say\u0131da ter\u00f6rist \u00f6l\u00fc ve yaral\u0131 d\u00fc\u015f\u00fcr\u00fcld\u00fc.<\/p>\n<p>Bir saha kayna\u011f\u0131 SANA muhabirine yapt\u0131\u011f\u0131 a\u00e7\u0131klamada, f\u00fcze g\u00fc\u00e7lerimizin dost Rus sava\u015f u\u00e7aklar\u0131yla i\u015fbirli\u011fi i\u00e7inde, kesintisiz bir ke\u015fif, izleme ve takibin ard\u0131ndan, \u0130dlib k\u0131rsal\u0131nda hassas hava ve f\u00fcze sald\u0131r\u0131lar\u0131 ile \u0130HA f\u0131rlatmak ve y\u00f6nlendirmek i\u00e7in ter\u00f6ristleri e\u011fitecek yer ve karargahlar\u0131 \u00a0hedef ald\u0131\u011f\u0131 \u00a0nitel bir operasyon ger\u00e7ekle\u015ftirdi\u011fini belirtti.<\/p>\n<p>Kaynak, operasyonun kontrol ve komuta ara\u00e7lar\u0131 ve \u0130HA da dahil olmak \u00fczere bu karargahlar\u0131n imha edilmesine ve i\u00e7lerinde yabanc\u0131 e\u011fitimli ter\u00f6ristler \u00e7ok say\u0131da ter\u00f6ristin \u00f6ld\u00fcr\u00fclmesine ve yaralanmas\u0131na yol a\u00e7t\u0131\u011f\u0131na dikkat \u00e7ekti.<\/p>\n","protected":false},"excerpt":{"rendered":"<p>\u0130DL\u0130B &#8211; Suriye Arap Ordusu ve Rus kuvvetlerinin \u0130dlib k\u0131rsal\u0131nda \u0130HA \u00a0f\u0131rlat\u0131p y\u00f6nlendirmek i\u00e7in ter\u00f6ristlerin e\u011fitim merkezlerini hedef ald\u0131\u011f\u0131 ortak hava ve f\u00fcze sald\u0131r\u0131lar\u0131nda yabanc\u0131 e\u011fitmenler de dahil olmak \u00fczere \u00e7ok say\u0131da ter\u00f6rist \u00f6l\u00fc ve yaral\u0131 d\u00fc\u015f\u00fcr\u00fcld\u00fc. Bir saha kayna\u011f\u0131 SANA muhabirine yapt\u0131\u011f\u0131 a\u00e7\u0131klamada, f\u00fcze g\u00fc\u00e7lerimizin dost Rus sava\u015f u\u00e7aklar\u0131yla i\u015fbirli\u011fi i\u00e7inde, kesintisiz bir ke\u015fif, &hellip;<\/p>\n","protected":false},"author":41,"featured_media":262452,"comment_status":"closed","ping_status":"closed","sticky":false,"template":"","format":"standard","meta":{"footnotes":""},"categories":[479,575,17988,478],"tags":[],"class_list":["post-262451","post","type-post","status-publish","format-standard","has-post-thumbnail","","category-haberler-yerel","category-olaylar-ve-gercekler","category-son-haberler","category-yerel"],"_links":{"self":[{"href":"https:\/\/archive.sana.sy\/tr\/index.php?rest_route=\/wp\/v2\/posts\/262451","targetHints":{"allow":["GET"]}}],"collection":[{"href":"https:\/\/archive.sana.sy\/tr\/index.php?rest_route=\/wp\/v2\/posts"}],"about":[{"href":"https:\/\/archive.sana.sy\/tr\/index.php?rest_route=\/wp\/v2\/types\/post"}],"author":[{"embeddable":true,"href":"https:\/\/archive.sana.sy\/tr\/index.php?rest_route=\/wp\/v2\/users\/41"}],"replies":[{"embeddable":true,"href":"https:\/\/archive.sana.sy\/tr\/index.php?rest_route=%2Fwp%2Fv2%2Fcomments&post=262451"}],"version-history":[{"count":0,"href":"https:\/\/archive.sana.sy\/tr\/index.php?rest_route=\/wp\/v2\/posts\/262451\/revisions"}],"wp:featuredmedia":[{"embeddable":true,"href":"https:\/\/archive.sana.sy\/tr\/index.php?rest_route=\/wp\/v2\/media\/262452"}],"wp:attachment":[{"href":"https:\/\/archive.sana.sy\/tr\/index.php?rest_route=%2Fwp%2Fv2%2Fmedia&parent=262451"}],"wp:term":[{"taxonomy":"category","embeddable":true,"href":"https:\/\/archive.sana.sy\/tr\/index.php?rest_route=%2Fwp%2Fv2%2Fcategories&post=262451"},{"taxonomy":"post_tag","embeddable":true,"href":"https:\/\/archive.sana.sy\/tr\/index.php?rest_route=%2Fwp%2Fv2%2Ftags&post=262451"}],"curies":[{"name":"wp","href":"https:\/\/api.w.org\/{rel}","templated":true}]}}