{"id":262454,"date":"2022-09-14T18:13:03","date_gmt":"2022-09-14T15:13:03","guid":{"rendered":"http:\/\/107.6.182.27\/tr\/?p=262454"},"modified":"2022-09-15T08:19:54","modified_gmt":"2022-09-15T05:19:54","slug":"hindistan-devlet-baskani-ulkesinin-suriye-halki-yaninda-oldugunu-yeniledi","status":"publish","type":"post","link":"https:\/\/archive.sana.sy\/tr\/?p=262454","title":{"rendered":"Hindistan Devlet Ba\u015fkan\u0131, \u00dclkesinin Suriye Halk\u0131 Yan\u0131nda Oldu\u011funu Yeniledi"},"content":{"rendered":"<p>YEN\u0130 DELH\u0130 &#8211; Hindistan Devlet Ba\u015fkan\u0131 Drupadi Mormo, \u00fclkesinin Suriye halk\u0131na deste\u011fini yenileyerek Suriye&#8217;nin krizden kurtulmas\u0131 ve halk\u0131 i\u00e7in ilerleme ve refah\u0131n devam etmesi i\u00e7in en iyi dileklerini dile getirdi.<\/p>\n<p>Mormo, bug\u00fcn Yeni Delhi&#8217;deki Cumhurba\u015fkanl\u0131\u011f\u0131 Saray\u0131&#8217;nda d\u00fczenlenen resmi t\u00f6rende Suriye&#8217;nin Hindistan Ola\u011fan\u00fcst\u00fc ve Tam Yetkili B\u00fcy\u00fckel\u00e7isi Dr. Bassam El Hatib&#8217;in g\u00fcven mektubunu teslim almas\u0131nda, \u00fclkesinin kriz \u00f6ncesi ve kriz s\u0131ras\u0131nda ve ayr\u0131ca \u201cCovid 19\u201d pandemi s\u0131ras\u0131nda her zaman Suriye halk\u0131n\u0131n yan\u0131nda oldu\u011funu belirterek, Suriye\u2019nin BM ve uluslararas\u0131 \u00f6rg\u00fctler ve forumlarda Hindistan&#8217;a verdi\u011fi destek i\u00e7in Suriye&#8217;ye te\u015fekk\u00fcrlerini sundu.<\/p>\n<p>Di\u011fer yandan B\u00fcy\u00fckel\u00e7i El Hatib, Cumhurba\u015fkan\u0131 Be\u015f\u015far Esad&#8217;\u0131n selamlar\u0131n\u0131 Ba\u015fkan Mormo&#8217;ya ileterek iki dost \u00fclkeyi birle\u015ftiren tarihi ve k\u00fclt\u00fcrel ili\u015fkilerin derinli\u011fini ve cumhurba\u015fkan\u0131n\u0131n bu ili\u015fkileri g\u00fc\u00e7lendirme ve \u00a0daha ileriye g\u00f6t\u00fcrme konusundaki isteklili\u011fini vurgulad\u0131.<\/p>\n<p>Ba\u015fkan Mormo ise B\u00fcy\u00fckel\u00e7i El Hatib&#8217;den Cumhurba\u015fkan\u0131 Be\u015f\u015far Esad&#8217;a selamlar\u0131n\u0131 ve Suriye halk\u0131na s\u00fcrekli ilerleme ve refah dileklerini iletmesini istedi.<\/p>\n","protected":false},"excerpt":{"rendered":"<p>YEN\u0130 DELH\u0130 &#8211; Hindistan Devlet Ba\u015fkan\u0131 Drupadi Mormo, \u00fclkesinin Suriye halk\u0131na deste\u011fini yenileyerek Suriye&#8217;nin krizden kurtulmas\u0131 ve halk\u0131 i\u00e7in ilerleme ve refah\u0131n devam etmesi i\u00e7in en iyi dileklerini dile getirdi. Mormo, bug\u00fcn Yeni Delhi&#8217;deki Cumhurba\u015fkanl\u0131\u011f\u0131 Saray\u0131&#8217;nda d\u00fczenlenen resmi t\u00f6rende Suriye&#8217;nin Hindistan Ola\u011fan\u00fcst\u00fc ve Tam Yetkili B\u00fcy\u00fckel\u00e7isi Dr. Bassam El Hatib&#8217;in g\u00fcven mektubunu teslim almas\u0131nda, \u00fclkesinin &hellip;<\/p>\n","protected":false},"author":41,"featured_media":262455,"comment_status":"closed","ping_status":"closed","sticky":false,"template":"","format":"standard","meta":{"footnotes":""},"categories":[458,459,17988],"tags":[],"class_list":["post-262454","post","type-post","status-publish","format-standard","has-post-thumbnail","","category-dunya1","category-haberler-arap-uluslararasi-politika","category-son-haberler"],"_links":{"self":[{"href":"https:\/\/archive.sana.sy\/tr\/index.php?rest_route=\/wp\/v2\/posts\/262454","targetHints":{"allow":["GET"]}}],"collection":[{"href":"https:\/\/archive.sana.sy\/tr\/index.php?rest_route=\/wp\/v2\/posts"}],"about":[{"href":"https:\/\/archive.sana.sy\/tr\/index.php?rest_route=\/wp\/v2\/types\/post"}],"author":[{"embeddable":true,"href":"https:\/\/archive.sana.sy\/tr\/index.php?rest_route=\/wp\/v2\/users\/41"}],"replies":[{"embeddable":true,"href":"https:\/\/archive.sana.sy\/tr\/index.php?rest_route=%2Fwp%2Fv2%2Fcomments&post=262454"}],"version-history":[{"count":0,"href":"https:\/\/archive.sana.sy\/tr\/index.php?rest_route=\/wp\/v2\/posts\/262454\/revisions"}],"wp:featuredmedia":[{"embeddable":true,"href":"https:\/\/archive.sana.sy\/tr\/index.php?rest_route=\/wp\/v2\/media\/262455"}],"wp:attachment":[{"href":"https:\/\/archive.sana.sy\/tr\/index.php?rest_route=%2Fwp%2Fv2%2Fmedia&parent=262454"}],"wp:term":[{"taxonomy":"category","embeddable":true,"href":"https:\/\/archive.sana.sy\/tr\/index.php?rest_route=%2Fwp%2Fv2%2Fcategories&post=262454"},{"taxonomy":"post_tag","embeddable":true,"href":"https:\/\/archive.sana.sy\/tr\/index.php?rest_route=%2Fwp%2Fv2%2Ftags&post=262454"}],"curies":[{"name":"wp","href":"https:\/\/api.w.org\/{rel}","templated":true}]}}