{"id":262462,"date":"2022-09-14T20:35:15","date_gmt":"2022-09-14T17:35:15","guid":{"rendered":"http:\/\/107.6.182.27\/tr\/?p=262462"},"modified":"2022-09-16T08:57:19","modified_gmt":"2022-09-16T05:57:19","slug":"sabbag-suriyede-istikrarin-saglanmasi-batinin-mudahalesine-son-vermesine-baglidir","status":"publish","type":"post","link":"https:\/\/archive.sana.sy\/tr\/?p=262462","title":{"rendered":"Sabba\u011f: Suriye&#8217;de \u0130stikrar\u0131n Sa\u011flanmas\u0131, Bat\u0131&#8217;n\u0131n M\u00fcdahalesine Son Vermesine Ba\u011fl\u0131d\u0131r."},"content":{"rendered":"<p>NEW YORK \u2013 Suriye\u2019nin Birle\u015fmi\u015f Milletler Daimi Temsilcisi Bessam Sabba\u011f, Suriye&#8217;de g\u00fcvenlik ve istikrar\u0131n yeniden sa\u011flanmas\u0131n\u0131n, Bat\u0131&#8217;n\u0131n i\u00e7i\u015flerine m\u00fcdahalesine son verilmesine, d\u00fc\u015fmanca politikalar\u0131na, ter\u00f6re deste\u011fine son verilmesine ve yasad\u0131\u015f\u0131 ekonomik yapt\u0131r\u0131mlar\u0131na son verilmesine,\u00a0 yabanc\u0131 ter\u00f6ristlerin dosyas\u0131n\u0131 ko\u015fulsuz ve kal\u0131c\u0131 olarak kapatmasana ve i\u015fgal alt\u0131ndaki yabanc\u0131 g\u00fc\u00e7leri topraklardan \u00e7\u0131karmas\u0131na ba\u011fl\u0131 oldu\u011funu\u00a0 vurgulad\u0131.<\/p>\n<p>B\u00fcy\u00fckel\u00e7i Sabba\u011f Bug\u00fcn Suriye&#8217;deki siyasi ve insani meseleyle ilgili bir G\u00fcvenlik Konseyi toplant\u0131s\u0131nda, Suriye g\u00fcvenlik ve istikrar\u0131 sa\u011flamak ve ter\u00f6rist karargahlar\u0131n\u0131 ortadan kald\u0131rmak i\u00e7in \u00e7al\u0131\u015f\u0131rken, \u0130srail i\u015fgal varl\u0131\u011f\u0131n\u0131n Suriye topraklar\u0131na y\u00f6nelik sald\u0131r\u0131lar\u0131 ve sivil tesisleri sistematik ve kas\u0131tl\u0131 olarak hedef almaya devam etmesine dikkat \u00e7ekti.<\/p>\n<p>Sabba\u011f, Suriye&#8217;nin G\u00fcvenlik Konseyi&#8217;ne ve Birle\u015fmi\u015f Milletler Sekreterli\u011fi&#8217;ndeki ilgililere, Birle\u015fmi\u015f Milletler Antla\u015fmas\u0131 do\u011frultusunda kendilerine verilen g\u00f6revleri yerine getirmeleri, \u0130srail&#8217;in Suriye&#8217;deki sald\u0131r\u0131lar\u0131n\u0131 ve (\u0130srail) taraf\u0131ndan i\u015flenen sava\u015f su\u00e7lar\u0131n\u0131 k\u0131namalar\u0131 ve Suriye&#8217;deki su\u00e7lar\u0131ndan sorumlu tutmalar\u0131 y\u00f6n\u00fcndeki \u00e7a\u011fr\u0131s\u0131n\u0131 yineleyerek, ABD ayr\u0131l\u0131k\u00e7\u0131 milisleri ve ter\u00f6rist gruplar\u0131 desteklemeye ve Suriye halk\u0131n\u0131n ac\u0131lar\u0131n\u0131 \u015fiddetlendiren yasad\u0131\u015f\u0131 zorlay\u0131c\u0131 yapt\u0131r\u0131mlar uygulamaya ek olarak zenginliklerini ya\u011fmalamaya devam etti\u011fini i\u015faret etti.<\/p>\n<p>Sabba\u011f ayr\u0131ca, \u00a0ge\u00e7ti\u011fimiz on y\u0131l boyunca, s\u00f6zde &#8220;uluslararas\u0131 koalisyon&#8221; da dahil olmak \u00fczere baz\u0131 Bat\u0131l\u0131 \u00fclkelerin, Birle\u015fmi\u015f Milletler Antla\u015fmas\u0131\u2019n\u0131n 51. maddesi metnini yanl\u0131\u015f yorumlamaya ve uygulamaya ba\u015fvurarak di\u011fer \u00fclkelerin egemenli\u011fine, ba\u011f\u0131ms\u0131zl\u0131\u011f\u0131na ve toprak b\u00fct\u00fcnl\u00fc\u011f\u00fcne y\u00f6nelik sald\u0131r\u0131lar\u0131n\u0131 hakl\u0131 \u00e7\u0131karmaya \u00e7al\u0131\u015ft\u0131\u011f\u0131n\u0131 \u00f6ne s\u00fcrd\u00fc.<\/p>\n<p>Sabba\u011f, erken kurtarma projelerinde ilerleme de dahil olmak \u00fczere \u00a02642 say\u0131l\u0131 G\u00fcvenlik Konseyi Karar\u0131n\u0131n tam olarak uygulanmas\u0131n\u0131n do\u011fru y\u00f6nde ilerlemeyi sa\u011flad\u0131\u011f\u0131n\u0131 vurgulayarak T\u00fcrk rejiminin F\u0131rat ve Dicle nehirlerindeki su seviyesini d\u00fc\u015f\u00fcrmesinin yan\u0131 s\u0131ra i\u015fgalci T\u00fcrkiye \u00a0ve kiral\u0131klar\u0131n\u0131n Haseke ve \u00e7evresinde bir milyon vatanda\u015f\u0131n suyunu kesmeye devam etti\u011fine de dikkat \u00e7ekti.<\/p>\n","protected":false},"excerpt":{"rendered":"<p>NEW YORK \u2013 Suriye\u2019nin Birle\u015fmi\u015f Milletler Daimi Temsilcisi Bessam Sabba\u011f, Suriye&#8217;de g\u00fcvenlik ve istikrar\u0131n yeniden sa\u011flanmas\u0131n\u0131n, Bat\u0131&#8217;n\u0131n i\u00e7i\u015flerine m\u00fcdahalesine son verilmesine, d\u00fc\u015fmanca politikalar\u0131na, ter\u00f6re deste\u011fine son verilmesine ve yasad\u0131\u015f\u0131 ekonomik yapt\u0131r\u0131mlar\u0131na son verilmesine,\u00a0 yabanc\u0131 ter\u00f6ristlerin dosyas\u0131n\u0131 ko\u015fulsuz ve kal\u0131c\u0131 olarak kapatmasana ve i\u015fgal alt\u0131ndaki yabanc\u0131 g\u00fc\u00e7leri topraklardan \u00e7\u0131karmas\u0131na ba\u011fl\u0131 oldu\u011funu\u00a0 vurgulad\u0131. B\u00fcy\u00fckel\u00e7i Sabba\u011f Bug\u00fcn Suriye&#8217;deki &hellip;<\/p>\n","protected":false},"author":41,"featured_media":262464,"comment_status":"closed","ping_status":"closed","sticky":false,"template":"","format":"standard","meta":{"footnotes":""},"categories":[458,459,17988],"tags":[],"class_list":["post-262462","post","type-post","status-publish","format-standard","has-post-thumbnail","","category-dunya1","category-haberler-arap-uluslararasi-politika","category-son-haberler"],"_links":{"self":[{"href":"https:\/\/archive.sana.sy\/tr\/index.php?rest_route=\/wp\/v2\/posts\/262462","targetHints":{"allow":["GET"]}}],"collection":[{"href":"https:\/\/archive.sana.sy\/tr\/index.php?rest_route=\/wp\/v2\/posts"}],"about":[{"href":"https:\/\/archive.sana.sy\/tr\/index.php?rest_route=\/wp\/v2\/types\/post"}],"author":[{"embeddable":true,"href":"https:\/\/archive.sana.sy\/tr\/index.php?rest_route=\/wp\/v2\/users\/41"}],"replies":[{"embeddable":true,"href":"https:\/\/archive.sana.sy\/tr\/index.php?rest_route=%2Fwp%2Fv2%2Fcomments&post=262462"}],"version-history":[{"count":0,"href":"https:\/\/archive.sana.sy\/tr\/index.php?rest_route=\/wp\/v2\/posts\/262462\/revisions"}],"wp:featuredmedia":[{"embeddable":true,"href":"https:\/\/archive.sana.sy\/tr\/index.php?rest_route=\/wp\/v2\/media\/262464"}],"wp:attachment":[{"href":"https:\/\/archive.sana.sy\/tr\/index.php?rest_route=%2Fwp%2Fv2%2Fmedia&parent=262462"}],"wp:term":[{"taxonomy":"category","embeddable":true,"href":"https:\/\/archive.sana.sy\/tr\/index.php?rest_route=%2Fwp%2Fv2%2Fcategories&post=262462"},{"taxonomy":"post_tag","embeddable":true,"href":"https:\/\/archive.sana.sy\/tr\/index.php?rest_route=%2Fwp%2Fv2%2Ftags&post=262462"}],"curies":[{"name":"wp","href":"https:\/\/api.w.org\/{rel}","templated":true}]}}