{"id":262470,"date":"2022-09-15T10:46:27","date_gmt":"2022-09-15T07:46:27","guid":{"rendered":"http:\/\/107.6.182.27\/tr\/?p=262470"},"modified":"2022-09-16T08:57:33","modified_gmt":"2022-09-16T05:57:33","slug":"elektrik-sebekesinin-gercekligini-iyilestirmek-icin-tartusya-elektrikli-ekipman-konvoyu","status":"publish","type":"post","link":"https:\/\/archive.sana.sy\/tr\/?p=262470","title":{"rendered":"Elektrik \u015eebekesinin Ger\u00e7ekli\u011fini \u0130yile\u015ftirmek \u0130\u00e7in Tartus\u2019ya Elektrikli Ekipman Konvoyu"},"content":{"rendered":"<p>TARTUS _ Bug\u00fcn, bir elektrikli ekipman ve malzeme konvoyu Tartus Valili\u011fi&#8217;ne ula\u015ft\u0131.<\/p>\n<p><em>\u00a0<\/em>SANA muhabiri, valilikteki elektrik \u015febekesinin ger\u00e7ekli\u011fini iyile\u015ftirmek i\u00e7in konvoyda kuleler, palamarlar, kablolar ve farkl\u0131 kapasitelerde trafolar\u0131n bulundu\u011funu belirtti.<\/p>\n<p><a class=\"qi72231t nu7423ey n3hqoq4p r86q59rh b3qcqh3k fq87ekyn bdao358l fsf7x5fv rse6dlih s5oniofx m8h3af8h l7ghb35v kjdc1dyq kmwttqpk srn514ro oxkhqvkx rl78xhln nch0832m cr00lzj9 rn8ck1ys s3jn8y49 icdlwmnq cxfqmxzd d1w2l3lo tes86rjd\" tabindex=\"0\" role=\"link\" href=\"https:\/\/www.facebook.com\/hashtag\/telegram_kanal%C4%B1m%C4%B1z?__eep__=6&amp;__cft__[0]=AZW1yheHtIhqKFe3NNSfTPvi2ICEIs4rQtqNOrQEI64fBTvfDBJdgbRW0CkFl5w5BHW1PQmvKeJNBbx_3fzChe8o24S-GXDGyaFzJJRq-lYr-Bh2BZrEexeRamR5lNnzZkg&amp;__tn__=*NK-R\">#Telegram_Kanal\u0131m\u0131z<\/a>:\u00a0<a class=\"qi72231t nu7423ey n3hqoq4p r86q59rh b3qcqh3k fq87ekyn bdao358l fsf7x5fv rse6dlih s5oniofx m8h3af8h l7ghb35v kjdc1dyq kmwttqpk srn514ro oxkhqvkx rl78xhln nch0832m cr00lzj9 rn8ck1ys s3jn8y49 icdlwmnq cxfqmxzd ezidihy3\" tabindex=\"0\" role=\"link\" href=\"https:\/\/t.me\/SuriyeArapHaberAjans?fbclid=IwAR2yxPChAvJebtcS-AsAk-w3Oh1GNhhyCbhTlysk2h1_e2QrwEMeMXqlWvc\" target=\"_blank\" rel=\"nofollow noopener\">https:\/\/t.me\/SuriyeArapHaberAjans<\/a><\/p>\n","protected":false},"excerpt":{"rendered":"<p>TARTUS _ Bug\u00fcn, bir elektrikli ekipman ve malzeme konvoyu Tartus Valili\u011fi&#8217;ne ula\u015ft\u0131. \u00a0SANA muhabiri, valilikteki elektrik \u015febekesinin ger\u00e7ekli\u011fini iyile\u015ftirmek i\u00e7in konvoyda kuleler, palamarlar, kablolar ve farkl\u0131 kapasitelerde trafolar\u0131n bulundu\u011funu belirtti. #Telegram_Kanal\u0131m\u0131z:\u00a0https:\/\/t.me\/SuriyeArapHaberAjans<\/p>\n","protected":false},"author":39,"featured_media":262471,"comment_status":"closed","ping_status":"closed","sticky":false,"template":"","format":"standard","meta":{"footnotes":""},"categories":[479,17988,478],"tags":[],"class_list":["post-262470","post","type-post","status-publish","format-standard","has-post-thumbnail","","category-haberler-yerel","category-son-haberler","category-yerel"],"_links":{"self":[{"href":"https:\/\/archive.sana.sy\/tr\/index.php?rest_route=\/wp\/v2\/posts\/262470","targetHints":{"allow":["GET"]}}],"collection":[{"href":"https:\/\/archive.sana.sy\/tr\/index.php?rest_route=\/wp\/v2\/posts"}],"about":[{"href":"https:\/\/archive.sana.sy\/tr\/index.php?rest_route=\/wp\/v2\/types\/post"}],"author":[{"embeddable":true,"href":"https:\/\/archive.sana.sy\/tr\/index.php?rest_route=\/wp\/v2\/users\/39"}],"replies":[{"embeddable":true,"href":"https:\/\/archive.sana.sy\/tr\/index.php?rest_route=%2Fwp%2Fv2%2Fcomments&post=262470"}],"version-history":[{"count":0,"href":"https:\/\/archive.sana.sy\/tr\/index.php?rest_route=\/wp\/v2\/posts\/262470\/revisions"}],"wp:featuredmedia":[{"embeddable":true,"href":"https:\/\/archive.sana.sy\/tr\/index.php?rest_route=\/wp\/v2\/media\/262471"}],"wp:attachment":[{"href":"https:\/\/archive.sana.sy\/tr\/index.php?rest_route=%2Fwp%2Fv2%2Fmedia&parent=262470"}],"wp:term":[{"taxonomy":"category","embeddable":true,"href":"https:\/\/archive.sana.sy\/tr\/index.php?rest_route=%2Fwp%2Fv2%2Fcategories&post=262470"},{"taxonomy":"post_tag","embeddable":true,"href":"https:\/\/archive.sana.sy\/tr\/index.php?rest_route=%2Fwp%2Fv2%2Ftags&post=262470"}],"curies":[{"name":"wp","href":"https:\/\/api.w.org\/{rel}","templated":true}]}}