{"id":262522,"date":"2022-09-15T20:12:15","date_gmt":"2022-09-15T17:12:15","guid":{"rendered":"http:\/\/107.6.182.27\/tr\/?p=262522"},"modified":"2022-09-16T08:58:50","modified_gmt":"2022-09-16T05:58:50","slug":"mikdad-venezuellanin-suriye-buyukelcisi-muzattisin-guven-mektubunu-teslim-aldi","status":"publish","type":"post","link":"https:\/\/archive.sana.sy\/tr\/?p=262522","title":{"rendered":"Mikdad, Venez\u00fcella&#8217;n\u0131n Suriye B\u00fcy\u00fckel\u00e7isi Muzattis&#8217;in G\u00fcven Mektubunu Teslim Ald\u0131"},"content":{"rendered":"<p style=\"text-align: left;\"><span style=\"color: #800000;\">\u015eAM<\/span> &#8211; D\u0131\u015fi\u015fleri ve Gurbet\u00e7iler Bakan\u0131 Dr. Faysal Mikdad bug\u00fcn, Bolivarc\u0131 Venez\u00fcella<!--more--> Cumhuriyeti&#8217;nin Suriye&#8217;deki Ola\u011fan\u00fcst\u00fc ve Tam Yetkili B\u00fcy\u00fckel\u00e7isi Dr. Jose Gregorio Piomorji Muzattis&#8217;in g\u00fcven mektubunu teslim ald\u0131.<\/p>\n<p style=\"text-align: left;\">G\u00f6r\u00fc\u015fmede, Suriye ve Venez\u00fcella aras\u0131ndaki tarihi ili\u015fkiler ve iki \u00fclkenin aralar\u0131ndaki ili\u015fkileri ba\u015fta ekonomik olmak \u00fczere t\u00fcm alanlarda g\u00fc\u00e7lendirmek i\u00e7in ayn\u0131 siyasi konumlar \u00fczerine nas\u0131l in\u015fa edilebilece\u011fi konusu ele al\u0131nd\u0131.<\/p>\n<p style=\"text-align: left;\">Mikdad, Suriye ve Venez\u00fcella halklar\u0131na ve hegemonyay\u0131 reddeden, egemenliklerine ve ba\u011f\u0131ms\u0131z ulusal kararlar\u0131na ba\u011fl\u0131 kalan di\u011fer halklara dayat\u0131lan tek tarafl\u0131 bask\u0131c\u0131 Bat\u0131 ekonomik yapt\u0131r\u0131mlar\u0131 bir kez daha k\u0131nayarak, Suriye&#8217;nin Venez\u00fcella&#8217;n\u0131n destekleyici tutumlar\u0131 i\u00e7in b\u00fcy\u00fck takdirini dile getirdi.<\/p>\n<p style=\"text-align: left;\">Mikdad, Suriye&#8217;nin i\u00e7 i\u015flerine, \u00f6zellikle de ABD&#8217;nin d\u0131\u015f m\u00fcdahale giri\u015fimlerine kar\u015f\u0131 dostane Venez\u00fcella&#8217;ya verdi\u011fi deste\u011fi vurgulayarak, Latin Amerika&#8217;da sol g\u00fc\u00e7lerin y\u00fckseli\u015finin, bu k\u0131ta halklar\u0131n\u0131n, onlar\u0131 kaos \u00e7\u0131karmaya ve istikrars\u0131zla\u015ft\u0131rmaya \u00e7al\u0131\u015fan emperyalist hegemonyaya boyun e\u011fmeyi kabul etmedikleri inanc\u0131n\u0131 peki\u015ftirdi\u011fine dikkat \u00e7ekti ve zaferlerinin ka\u00e7\u0131n\u0131lmazl\u0131\u011f\u0131na olan g\u00fcveni vurgulad\u0131.<\/p>\n<p style=\"text-align: left;\">B\u00fcy\u00fckel\u00e7i Muzattis ise \u00fclkesinin Suriye&#8217;nin duru\u015funa, egemenli\u011fine, ba\u011f\u0131ms\u0131zl\u0131\u011f\u0131na ve toprak b\u00fct\u00fcnl\u00fc\u011f\u00fcne verdi\u011fi deste\u011fi belirterek, ter\u00f6r\u00fcn her t\u00fcrl\u00fcs\u00fcne kar\u015f\u0131 koymada ve ter\u00f6r\u00fcn d\u00fcnyaya yay\u0131lmas\u0131n\u0131 \u00f6nlemede Suriye&#8217;nin en b\u00fcy\u00fck role sahip oldu\u011funa dikkat \u00e7ekti.<\/p>\n<p style=\"text-align: left;\">Muzattis, \u00e7e\u015fitli uluslararas\u0131 forumlarda Suriye ve Venez\u00fcella aras\u0131nda var olan y\u00fcksek d\u00fczeyde koordinasyon ve siyasi isti\u015farelere i\u015faret ederek, Cumhurba\u015fkan\u0131 Nicolas Maduro&#8217;nun direktiflerinin uygulanmas\u0131nda, \u00fclkesinin her alanda iki \u00fclke aras\u0131nda se\u00e7kin ili\u015fkiler geli\u015ftirmeye olan ilgisini vurgulad\u0131.<\/p>\n<p style=\"text-align: left;\">Toplant\u0131ya Protokol ve \u0130leti\u015fim Dairesi Ba\u015fkan\u0131 B\u00fcy\u00fckel\u00e7i Gassan Obeyd kat\u0131ld\u0131.<\/p>\n","protected":false},"excerpt":{"rendered":"<p>\u015eAM &#8211; D\u0131\u015fi\u015fleri ve Gurbet\u00e7iler Bakan\u0131 Dr. Faysal Mikdad bug\u00fcn, Bolivarc\u0131 Venez\u00fcella<\/p>\n","protected":false},"author":1,"featured_media":262523,"comment_status":"closed","ping_status":"closed","sticky":false,"template":"","format":"standard","meta":{"footnotes":""},"categories":[479,17988,478],"tags":[],"class_list":["post-262522","post","type-post","status-publish","format-standard","has-post-thumbnail","","category-haberler-yerel","category-son-haberler","category-yerel"],"_links":{"self":[{"href":"https:\/\/archive.sana.sy\/tr\/index.php?rest_route=\/wp\/v2\/posts\/262522","targetHints":{"allow":["GET"]}}],"collection":[{"href":"https:\/\/archive.sana.sy\/tr\/index.php?rest_route=\/wp\/v2\/posts"}],"about":[{"href":"https:\/\/archive.sana.sy\/tr\/index.php?rest_route=\/wp\/v2\/types\/post"}],"author":[{"embeddable":true,"href":"https:\/\/archive.sana.sy\/tr\/index.php?rest_route=\/wp\/v2\/users\/1"}],"replies":[{"embeddable":true,"href":"https:\/\/archive.sana.sy\/tr\/index.php?rest_route=%2Fwp%2Fv2%2Fcomments&post=262522"}],"version-history":[{"count":0,"href":"https:\/\/archive.sana.sy\/tr\/index.php?rest_route=\/wp\/v2\/posts\/262522\/revisions"}],"wp:featuredmedia":[{"embeddable":true,"href":"https:\/\/archive.sana.sy\/tr\/index.php?rest_route=\/wp\/v2\/media\/262523"}],"wp:attachment":[{"href":"https:\/\/archive.sana.sy\/tr\/index.php?rest_route=%2Fwp%2Fv2%2Fmedia&parent=262522"}],"wp:term":[{"taxonomy":"category","embeddable":true,"href":"https:\/\/archive.sana.sy\/tr\/index.php?rest_route=%2Fwp%2Fv2%2Fcategories&post=262522"},{"taxonomy":"post_tag","embeddable":true,"href":"https:\/\/archive.sana.sy\/tr\/index.php?rest_route=%2Fwp%2Fv2%2Ftags&post=262522"}],"curies":[{"name":"wp","href":"https:\/\/api.w.org\/{rel}","templated":true}]}}