{"id":262525,"date":"2022-09-15T20:21:10","date_gmt":"2022-09-15T17:21:10","guid":{"rendered":"http:\/\/107.6.182.27\/tr\/?p=262525"},"modified":"2022-09-17T10:06:52","modified_gmt":"2022-09-17T07:06:52","slug":"elektrik-besleme-gercegini-iyilestirmek-icin-elektrikli-ekipman-ve-malzeme-konvoyu-tartusa-vardi","status":"publish","type":"post","link":"https:\/\/archive.sana.sy\/tr\/?p=262525","title":{"rendered":"Elektrik Besleme Ger\u00e7e\u011fini \u0130yile\u015ftirmek \u0130\u00e7in Elektrikli Ekipman Ve Malzeme Konvoyu Tartus\u2019a Vard\u0131"},"content":{"rendered":"<p style=\"text-align: justify;\">TARTUS &#8211; Elektrik \u015febekesini iyile\u015ftirmek ve bak\u0131m\u0131n\u0131 yapmak ile beslenme ger\u00e7e\u011fini iyile\u015ftirmek i\u00e7in elektrikli ekipman ve malzeme y\u00fckl\u00fc 13 t\u0131rdan olu\u015fan bir konvoy Tartus \u0130li&#8217;ne vard\u0131.<\/p>\n<p style=\"text-align: justify;\">Elektrik Bakan\u0131 M\u00fch.Gassan Al Zamil&#8217;in huzurunda, \u201c400 kVA kapasiteli bir trafonun bulundu\u011fu Al Basil Hastanesi yak\u0131nlar\u0131ndaki Ras Al \u015ea\u011fri mahallesinin her birine transformat\u00f6rler ve prefabrik merkezler kuruldu.<\/p>\n<p style=\"text-align: justify;\">Ayr\u0131ca Al \u011eamka Al Garbiyye semtinde \u201c1000 kVA\u201d kapasiteli prefabrike bir merkezin kurulumuna ek olarak\u201d, Hapishane mahallesinde Gandur arazisinde ayn\u0131 kapasitede bir ba\u015fka merkez kuruldu.<\/p>\n<p><span style=\"color: #0000ff;\">#Telegram_Kanal\u0131m\u0131z: https:\/\/t.me\/SuriyeArapHaberAjans<\/span><\/p>\n","protected":false},"excerpt":{"rendered":"<p>TARTUS &#8211; Elektrik \u015febekesini iyile\u015ftirmek ve bak\u0131m\u0131n\u0131 yapmak ile beslenme ger\u00e7e\u011fini iyile\u015ftirmek i\u00e7in elektrikli ekipman ve malzeme y\u00fckl\u00fc 13 t\u0131rdan olu\u015fan bir konvoy Tartus \u0130li&#8217;ne vard\u0131. Elektrik Bakan\u0131 M\u00fch.Gassan Al Zamil&#8217;in huzurunda, \u201c400 kVA kapasiteli bir trafonun bulundu\u011fu Al Basil Hastanesi yak\u0131nlar\u0131ndaki Ras Al \u015ea\u011fri mahallesinin her birine transformat\u00f6rler ve prefabrik merkezler kuruldu. Ayr\u0131ca Al &hellip;<\/p>\n","protected":false},"author":1,"featured_media":262526,"comment_status":"closed","ping_status":"closed","sticky":false,"template":"","format":"standard","meta":{"footnotes":""},"categories":[479,17988,478],"tags":[],"class_list":["post-262525","post","type-post","status-publish","format-standard","has-post-thumbnail","","category-haberler-yerel","category-son-haberler","category-yerel"],"_links":{"self":[{"href":"https:\/\/archive.sana.sy\/tr\/index.php?rest_route=\/wp\/v2\/posts\/262525","targetHints":{"allow":["GET"]}}],"collection":[{"href":"https:\/\/archive.sana.sy\/tr\/index.php?rest_route=\/wp\/v2\/posts"}],"about":[{"href":"https:\/\/archive.sana.sy\/tr\/index.php?rest_route=\/wp\/v2\/types\/post"}],"author":[{"embeddable":true,"href":"https:\/\/archive.sana.sy\/tr\/index.php?rest_route=\/wp\/v2\/users\/1"}],"replies":[{"embeddable":true,"href":"https:\/\/archive.sana.sy\/tr\/index.php?rest_route=%2Fwp%2Fv2%2Fcomments&post=262525"}],"version-history":[{"count":0,"href":"https:\/\/archive.sana.sy\/tr\/index.php?rest_route=\/wp\/v2\/posts\/262525\/revisions"}],"wp:featuredmedia":[{"embeddable":true,"href":"https:\/\/archive.sana.sy\/tr\/index.php?rest_route=\/wp\/v2\/media\/262526"}],"wp:attachment":[{"href":"https:\/\/archive.sana.sy\/tr\/index.php?rest_route=%2Fwp%2Fv2%2Fmedia&parent=262525"}],"wp:term":[{"taxonomy":"category","embeddable":true,"href":"https:\/\/archive.sana.sy\/tr\/index.php?rest_route=%2Fwp%2Fv2%2Fcategories&post=262525"},{"taxonomy":"post_tag","embeddable":true,"href":"https:\/\/archive.sana.sy\/tr\/index.php?rest_route=%2Fwp%2Fv2%2Ftags&post=262525"}],"curies":[{"name":"wp","href":"https:\/\/api.w.org\/{rel}","templated":true}]}}