{"id":262557,"date":"2022-09-16T20:05:04","date_gmt":"2022-09-16T17:05:04","guid":{"rendered":"http:\/\/107.6.182.27\/tr\/?p=262557"},"modified":"2022-09-17T10:06:18","modified_gmt":"2022-09-17T07:06:18","slug":"40-yildonumunde-insanligin-alninda-kotu-bir-iz-olan-sabra-ve-satila-katliami","status":"publish","type":"post","link":"https:\/\/archive.sana.sy\/tr\/?p=262557","title":{"rendered":"40. Y\u0131ld\u00f6n\u00fcm\u00fcnde&#8230; \u0130nsanl\u0131\u011f\u0131n Aln\u0131nda K\u00f6t\u00fc Bir \u0130z Olan Sabra Ve \u015eatila Katliam\u0131"},"content":{"rendered":"<p>\u015eAM &#8211; Filistinliler ve L\u00fcbnanl\u0131lar bug\u00fcn, 1982&#8217;de \u0130srail i\u015fgal g\u00fc\u00e7lerinin L\u00fcbnan yak\u0131nlar\u0131ndaki Sabra ve \u015eatila m\u00fclteci kamp\u0131na bask\u0131n d\u00fczenledi\u011fi Filistin halk\u0131n\u0131n tarihindeki en vah\u015fi ve en kanl\u0131 katliamlardan birinin k\u0131rk\u0131nc\u0131 y\u0131ld\u00f6n\u00fcm\u00fcn\u00fc b\u00fcy\u00fck bir ac\u0131 ve \u00fcz\u00fcnt\u00fcyle hat\u0131rl\u0131yorlar. Ba\u015fkent Beyrut&#8217;ta uluslararas\u0131 bir sessizli\u011fin ortas\u0131nda \u00fc\u00e7 g\u00fcn boyunca binlerce Filistinli ve L\u00fcbnanl\u0131y\u0131 katletti ve \u00f6ld\u00fcrd\u00fc.<\/p>\n<p>Vah\u015fi katliam\u0131n b\u00f6l\u00fcmleri 13 ve 14 Eyl\u00fcl 1982&#8217;de \u0130srail i\u015fgal g\u00fc\u00e7lerinin yo\u011fun hava korumas\u0131 alt\u0131nda Beyrut \u015fehrine ilerleyip \u015eatila m\u00fclteci kamp\u0131 ve biti\u015fi\u011findeki Sabra mahallesine d\u00fczinelerce tank konu\u015fland\u0131rmas\u0131yla ba\u015flad\u0131. Sonra ertesi ak\u015fam, i\u015fgal varl\u0131\u011f\u0131n\u0131n Sava\u015f Bakan\u0131, o s\u0131rada Ariel \u015earon&#8217;un kamptaki en korkun\u00e7 katliamlardan birini ger\u00e7ekle\u015ftirmeye haz\u0131rlanmak i\u00e7in etraf\u0131n\u0131 sarmas\u0131n\u0131 emretti.<\/p>\n<p>\u0130srail i\u015fgal g\u00fc\u00e7leri ve onlar\u0131n \u201cL\u00fcbnan Kuvvetleri\u201d milisleri ve s\u00f6zde \u201cG\u00fcney L\u00fcbnan Ordusu\u201dna mensup ajanlar\u0131 taraf\u0131ndan Filistinlilere ve L\u00fcbnanl\u0131lara kar\u015f\u0131 \u00fc\u00e7 g\u00fcn boyunca aral\u0131ks\u0131z olarak i\u015flenen cinayetler, kampa ancak katliam\u0131n sona erdi\u011fi 18 Eyl\u00fcl&#8217;den sonra izin verildi\u011fi, sokaklarda ve y\u0131k\u0131lm\u0131\u015f evlerin i\u00e7inde ceset par\u00e7alar\u0131 ve par\u00e7alanm\u0131\u015f cesetler b\u0131rakarak, \u00e7o\u011fu \u00e7ocuk, kad\u0131n ve ya\u015fl\u0131 olmak \u00fczere \u00fc\u00e7 binden fazla kurbana imza att\u0131.<\/p>\n<p>Korkun\u00e7 sahnelerde g\u00f6rd\u00fcklerinden korkan Nuhad Sorour Al Maree, aile bireylerinin \u00e7o\u011funu kaybetti\u011fini ve katliamdan \u00f6nceki ilk y\u0131l\u0131n\u0131 tamamlayarak hayat\u0131n\u0131 kaybeden ablas\u0131 \u015eadya&#8217;n\u0131n beyninin nas\u0131l oldu\u011funu ac\u0131 ve kederle anlatt\u0131. &#8220;Annem, annem&#8221; diye a\u011flayarak hayata g\u00f6zlerini yumdu.<\/p>\n<p>Bir ba\u015fka kanl\u0131 su\u00e7 mahallinde ise 60 ya\u015f\u0131ndaki Hac\u0131 M\u00fcnir el Hac Ali, 40 y\u0131l geriye giderek \u015funlar\u0131 s\u00f6yledi: &#8220;Ak\u015fam saatlerinde \u0130srail ku\u015fatmas\u0131ndan sonra kamp\u0131n her yerinde a\u011f\u0131r silah sesleri duyduk. Durumlar\u0131 ke\u015fif i\u00e7in d\u0131\u015far\u0131 \u00e7\u0131kt\u0131\u011f\u0131m\u0131zda i\u015fgal kuvvetleri ve i\u015fbirlik\u00e7ilerikampa sald\u0131r\u0131yor ve hareket eden her \u015feye ate\u015f ediyorlard\u0131. Haram\u0131n her t\u00fcrl\u00fcs\u00fcn\u00fc i\u015flediler, midelerini kestiler, \u00e7ocuklar\u0131 katlettiler ve evleri sakinlerinin \u00fczerinde y\u0131kt\u0131lar\u201d dedi.<\/p>\n<p><span style=\"color: #0000ff;\"><a class=\"qi72231t nu7423ey n3hqoq4p r86q59rh b3qcqh3k fq87ekyn bdao358l fsf7x5fv rse6dlih s5oniofx m8h3af8h l7ghb35v kjdc1dyq kmwttqpk srn514ro oxkhqvkx rl78xhln nch0832m cr00lzj9 rn8ck1ys s3jn8y49 icdlwmnq cxfqmxzd d1w2l3lo tes86rjd\" style=\"color: #0000ff;\" tabindex=\"0\" role=\"link\" href=\"https:\/\/t.me\/SuriyeArapHaberAjansI\">Telegram_Kanal\u0131m\u0131z<\/a>\u00a0<a class=\"qi72231t nu7423ey n3hqoq4p r86q59rh b3qcqh3k fq87ekyn bdao358l fsf7x5fv rse6dlih s5oniofx m8h3af8h l7ghb35v kjdc1dyq kmwttqpk srn514ro oxkhqvkx rl78xhln nch0832m cr00lzj9 rn8ck1ys s3jn8y49 icdlwmnq cxfqmxzd ezidihy3\" style=\"color: #0000ff;\" tabindex=\"0\" role=\"link\" href=\"https:\/\/www.facebook.com\/SANAHaberAjansi\" target=\"_blank\" rel=\"nofollow noopener\">https:\/\/t.me\/SuriyeArapHaberAjans<\/a><\/span><\/p>\n","protected":false},"excerpt":{"rendered":"<p>\u015eAM &#8211; Filistinliler ve L\u00fcbnanl\u0131lar bug\u00fcn, 1982&#8217;de \u0130srail i\u015fgal g\u00fc\u00e7lerinin L\u00fcbnan yak\u0131nlar\u0131ndaki Sabra ve \u015eatila m\u00fclteci kamp\u0131na bask\u0131n d\u00fczenledi\u011fi Filistin halk\u0131n\u0131n tarihindeki en vah\u015fi ve en kanl\u0131 katliamlardan birinin k\u0131rk\u0131nc\u0131 y\u0131ld\u00f6n\u00fcm\u00fcn\u00fc b\u00fcy\u00fck bir ac\u0131 ve \u00fcz\u00fcnt\u00fcyle hat\u0131rl\u0131yorlar. Ba\u015fkent Beyrut&#8217;ta uluslararas\u0131 bir sessizli\u011fin ortas\u0131nda \u00fc\u00e7 g\u00fcn boyunca binlerce Filistinli ve L\u00fcbnanl\u0131y\u0131 katletti ve \u00f6ld\u00fcrd\u00fc. Vah\u015fi katliam\u0131n &hellip;<\/p>\n","protected":false},"author":1,"featured_media":262558,"comment_status":"closed","ping_status":"closed","sticky":false,"template":"","format":"standard","meta":{"footnotes":""},"categories":[458,459,17988],"tags":[],"class_list":["post-262557","post","type-post","status-publish","format-standard","has-post-thumbnail","","category-dunya1","category-haberler-arap-uluslararasi-politika","category-son-haberler"],"_links":{"self":[{"href":"https:\/\/archive.sana.sy\/tr\/index.php?rest_route=\/wp\/v2\/posts\/262557","targetHints":{"allow":["GET"]}}],"collection":[{"href":"https:\/\/archive.sana.sy\/tr\/index.php?rest_route=\/wp\/v2\/posts"}],"about":[{"href":"https:\/\/archive.sana.sy\/tr\/index.php?rest_route=\/wp\/v2\/types\/post"}],"author":[{"embeddable":true,"href":"https:\/\/archive.sana.sy\/tr\/index.php?rest_route=\/wp\/v2\/users\/1"}],"replies":[{"embeddable":true,"href":"https:\/\/archive.sana.sy\/tr\/index.php?rest_route=%2Fwp%2Fv2%2Fcomments&post=262557"}],"version-history":[{"count":0,"href":"https:\/\/archive.sana.sy\/tr\/index.php?rest_route=\/wp\/v2\/posts\/262557\/revisions"}],"wp:featuredmedia":[{"embeddable":true,"href":"https:\/\/archive.sana.sy\/tr\/index.php?rest_route=\/wp\/v2\/media\/262558"}],"wp:attachment":[{"href":"https:\/\/archive.sana.sy\/tr\/index.php?rest_route=%2Fwp%2Fv2%2Fmedia&parent=262557"}],"wp:term":[{"taxonomy":"category","embeddable":true,"href":"https:\/\/archive.sana.sy\/tr\/index.php?rest_route=%2Fwp%2Fv2%2Fcategories&post=262557"},{"taxonomy":"post_tag","embeddable":true,"href":"https:\/\/archive.sana.sy\/tr\/index.php?rest_route=%2Fwp%2Fv2%2Ftags&post=262557"}],"curies":[{"name":"wp","href":"https:\/\/api.w.org\/{rel}","templated":true}]}}