{"id":262560,"date":"2022-09-17T00:06:00","date_gmt":"2022-09-16T21:06:00","guid":{"rendered":"http:\/\/107.6.182.27\/tr\/?p=262560"},"modified":"2022-10-22T09:24:58","modified_gmt":"2022-10-22T06:24:58","slug":"sam-havaalani-ve-bazi-noktalari-hedef-alan-israil-saldirisinda-5-asker-sehit-oldu","status":"publish","type":"post","link":"https:\/\/archive.sana.sy\/tr\/?p=262560","title":{"rendered":"\u015eam Havaalan\u0131 Ve Baz\u0131 Noktalar\u0131 Hedef Alan \u0130srail Sald\u0131r\u0131s\u0131nda 5 Asker \u015eehit Oldu"},"content":{"rendered":"<p>\u015eAM KIRSALI &#8211; \u0130srail&#8217;in Uluslararas\u0131 \u015eam Havaliman\u0131 ve g\u00fcney k\u0131rsal\u0131ndaki baz\u0131 noktalara d\u00fczenledi\u011fi sald\u0131r\u0131 sonucu 5 asker \u015fehit oldu.<\/p>\n<p>Askeri kaynak SANA&#8217;ya yapt\u0131\u011f\u0131 a\u00e7\u0131klamada, &#8220;Bug\u00fcn saat 00:45 sular\u0131nda d\u00fc\u015fman \u0130srail, Tabarayya G\u00f6l\u00fc&#8217;n\u00fcn kuzeydo\u011fu y\u00f6n\u00fcnden, \u015eam Uluslararas\u0131 Havaliman\u0131 ve kentin g\u00fcneyindeki baz\u0131 noktalar\u0131 hedef alan f\u00fczelerle hava sald\u0131r\u0131s\u0131 d\u00fczenledi. Hava savunmam\u0131z sald\u0131rgan\u0131n f\u00fczelerine kar\u015f\u0131 koydu ve \u00e7o\u011funu vurdu\u201d dedi.<\/p>\n<p>Kaynak, sald\u0131rganl\u0131\u011f\u0131n &#8220;be\u015f askerin \u00f6l\u00fcm\u00fcne ve baz\u0131 maddi kay\u0131plara yol a\u00e7t\u0131\u011f\u0131n\u0131&#8221; da s\u00f6zlerine ekledi.<\/p>\n<p><span style=\"color: #0000ff;\"><a class=\"qi72231t nu7423ey n3hqoq4p r86q59rh b3qcqh3k fq87ekyn bdao358l fsf7x5fv rse6dlih s5oniofx m8h3af8h l7ghb35v kjdc1dyq kmwttqpk srn514ro oxkhqvkx rl78xhln nch0832m cr00lzj9 rn8ck1ys s3jn8y49 icdlwmnq cxfqmxzd d1w2l3lo tes86rjd\" style=\"color: #0000ff;\" tabindex=\"0\" role=\"link\" href=\"https:\/\/t.me\/SuriyeArapHaberAjansI\">Telegram_Kanal\u0131m\u0131z<\/a>\u00a0<a class=\"qi72231t nu7423ey n3hqoq4p r86q59rh b3qcqh3k fq87ekyn bdao358l fsf7x5fv rse6dlih s5oniofx m8h3af8h l7ghb35v kjdc1dyq kmwttqpk srn514ro oxkhqvkx rl78xhln nch0832m cr00lzj9 rn8ck1ys s3jn8y49 icdlwmnq cxfqmxzd ezidihy3\" style=\"color: #0000ff;\" tabindex=\"0\" role=\"link\" href=\"https:\/\/www.facebook.com\/SANAHaberAjansi\" target=\"_blank\" rel=\"nofollow noopener\">https:\/\/t.me\/SuriyeArapHaberAjans<\/a><\/span><\/p>\n","protected":false},"excerpt":{"rendered":"<p>\u015eAM KIRSALI &#8211; \u0130srail&#8217;in Uluslararas\u0131 \u015eam Havaliman\u0131 ve g\u00fcney k\u0131rsal\u0131ndaki baz\u0131 noktalara d\u00fczenledi\u011fi sald\u0131r\u0131 sonucu 5 asker \u015fehit oldu. Askeri kaynak SANA&#8217;ya yapt\u0131\u011f\u0131 a\u00e7\u0131klamada, &#8220;Bug\u00fcn saat 00:45 sular\u0131nda d\u00fc\u015fman \u0130srail, Tabarayya G\u00f6l\u00fc&#8217;n\u00fcn kuzeydo\u011fu y\u00f6n\u00fcnden, \u015eam Uluslararas\u0131 Havaliman\u0131 ve kentin g\u00fcneyindeki baz\u0131 noktalar\u0131 hedef alan f\u00fczelerle hava sald\u0131r\u0131s\u0131 d\u00fczenledi. Hava savunmam\u0131z sald\u0131rgan\u0131n f\u00fczelerine kar\u015f\u0131 koydu ve &hellip;<\/p>\n","protected":false},"author":36,"featured_media":262561,"comment_status":"closed","ping_status":"closed","sticky":false,"template":"","format":"standard","meta":{"footnotes":""},"categories":[479,575,17988,478],"tags":[],"class_list":["post-262560","post","type-post","status-publish","format-standard","has-post-thumbnail","","category-haberler-yerel","category-olaylar-ve-gercekler","category-son-haberler","category-yerel"],"_links":{"self":[{"href":"https:\/\/archive.sana.sy\/tr\/index.php?rest_route=\/wp\/v2\/posts\/262560","targetHints":{"allow":["GET"]}}],"collection":[{"href":"https:\/\/archive.sana.sy\/tr\/index.php?rest_route=\/wp\/v2\/posts"}],"about":[{"href":"https:\/\/archive.sana.sy\/tr\/index.php?rest_route=\/wp\/v2\/types\/post"}],"author":[{"embeddable":true,"href":"https:\/\/archive.sana.sy\/tr\/index.php?rest_route=\/wp\/v2\/users\/36"}],"replies":[{"embeddable":true,"href":"https:\/\/archive.sana.sy\/tr\/index.php?rest_route=%2Fwp%2Fv2%2Fcomments&post=262560"}],"version-history":[{"count":0,"href":"https:\/\/archive.sana.sy\/tr\/index.php?rest_route=\/wp\/v2\/posts\/262560\/revisions"}],"wp:featuredmedia":[{"embeddable":true,"href":"https:\/\/archive.sana.sy\/tr\/index.php?rest_route=\/wp\/v2\/media\/262561"}],"wp:attachment":[{"href":"https:\/\/archive.sana.sy\/tr\/index.php?rest_route=%2Fwp%2Fv2%2Fmedia&parent=262560"}],"wp:term":[{"taxonomy":"category","embeddable":true,"href":"https:\/\/archive.sana.sy\/tr\/index.php?rest_route=%2Fwp%2Fv2%2Fcategories&post=262560"},{"taxonomy":"post_tag","embeddable":true,"href":"https:\/\/archive.sana.sy\/tr\/index.php?rest_route=%2Fwp%2Fv2%2Ftags&post=262560"}],"curies":[{"name":"wp","href":"https:\/\/api.w.org\/{rel}","templated":true}]}}