{"id":262563,"date":"2022-09-17T09:57:51","date_gmt":"2022-09-17T06:57:51","guid":{"rendered":"http:\/\/107.6.182.27\/tr\/?p=262563"},"modified":"2022-09-18T08:39:27","modified_gmt":"2022-09-18T05:39:27","slug":"ulastirma-bakanligi-uluslararasi-sam-havalimani-uzerinden-ucuslarda-herhangi-bir-degisiklik-yoktur-ve-havalimani-normal-sekilde-calismaktadir","status":"publish","type":"post","link":"https:\/\/archive.sana.sy\/tr\/?p=262563","title":{"rendered":"Ula\u015ft\u0131rma Bakanl\u0131\u011f\u0131: Uluslararas\u0131 \u015eam Havaliman\u0131 \u00dczerinden U\u00e7u\u015flarda Herhangi Bir De\u011fi\u015fiklik Yoktur Ve Havaliman\u0131 Normal \u015eekilde \u00c7al\u0131\u015fmaktad\u0131r"},"content":{"rendered":"<p>\u015eAM \u2013 Ula\u015ft\u0131rma Bakanl\u0131\u011f\u0131 bug\u00fcn Uluslararas\u0131 \u015eam Havaliman\u0131 \u00fczerinden tarifeli seferlerde herhangi bir de\u011fi\u015fiklik olmad\u0131\u011f\u0131n\u0131 ilan etti.<\/p>\n<p>Bakanl\u0131ktan yap\u0131lan a\u00e7\u0131klamada, havaliman\u0131n\u0131n normal \u015fekilde yolcular\u0131n hizmetinde ve ola\u011fan hava trafi\u011fine uygun olarak faaliyet g\u00f6sterdi\u011fi belirtildi.<\/p>\n<p><span style=\"color: #0000ff;\"><a class=\"qi72231t nu7423ey n3hqoq4p r86q59rh b3qcqh3k fq87ekyn bdao358l fsf7x5fv rse6dlih s5oniofx m8h3af8h l7ghb35v kjdc1dyq kmwttqpk srn514ro oxkhqvkx rl78xhln nch0832m cr00lzj9 rn8ck1ys s3jn8y49 icdlwmnq cxfqmxzd d1w2l3lo tes86rjd\" style=\"color: #0000ff;\" tabindex=\"0\" role=\"link\" href=\"https:\/\/t.me\/SuriyeArapHaberAjansI\">Telegram_Kanal\u0131m\u0131z<\/a>\u00a0<a class=\"qi72231t nu7423ey n3hqoq4p r86q59rh b3qcqh3k fq87ekyn bdao358l fsf7x5fv rse6dlih s5oniofx m8h3af8h l7ghb35v kjdc1dyq kmwttqpk srn514ro oxkhqvkx rl78xhln nch0832m cr00lzj9 rn8ck1ys s3jn8y49 icdlwmnq cxfqmxzd ezidihy3\" style=\"color: #0000ff;\" tabindex=\"0\" role=\"link\" href=\"https:\/\/www.facebook.com\/SANAHaberAjansi\" target=\"_blank\" rel=\"nofollow noopener\">https:\/\/t.me\/SuriyeArapHaberAjans<\/a><\/span><\/p>\n<p>&nbsp;<\/p>\n","protected":false},"excerpt":{"rendered":"<p>\u015eAM \u2013 Ula\u015ft\u0131rma Bakanl\u0131\u011f\u0131 bug\u00fcn Uluslararas\u0131 \u015eam Havaliman\u0131 \u00fczerinden tarifeli seferlerde herhangi bir de\u011fi\u015fiklik olmad\u0131\u011f\u0131n\u0131 ilan etti. Bakanl\u0131ktan yap\u0131lan a\u00e7\u0131klamada, havaliman\u0131n\u0131n normal \u015fekilde yolcular\u0131n hizmetinde ve ola\u011fan hava trafi\u011fine uygun olarak faaliyet g\u00f6sterdi\u011fi belirtildi. Telegram_Kanal\u0131m\u0131z\u00a0https:\/\/t.me\/SuriyeArapHaberAjans &nbsp;<\/p>\n","protected":false},"author":36,"featured_media":262564,"comment_status":"closed","ping_status":"closed","sticky":false,"template":"","format":"standard","meta":{"footnotes":""},"categories":[479,17988,478],"tags":[],"class_list":["post-262563","post","type-post","status-publish","format-standard","has-post-thumbnail","","category-haberler-yerel","category-son-haberler","category-yerel"],"_links":{"self":[{"href":"https:\/\/archive.sana.sy\/tr\/index.php?rest_route=\/wp\/v2\/posts\/262563","targetHints":{"allow":["GET"]}}],"collection":[{"href":"https:\/\/archive.sana.sy\/tr\/index.php?rest_route=\/wp\/v2\/posts"}],"about":[{"href":"https:\/\/archive.sana.sy\/tr\/index.php?rest_route=\/wp\/v2\/types\/post"}],"author":[{"embeddable":true,"href":"https:\/\/archive.sana.sy\/tr\/index.php?rest_route=\/wp\/v2\/users\/36"}],"replies":[{"embeddable":true,"href":"https:\/\/archive.sana.sy\/tr\/index.php?rest_route=%2Fwp%2Fv2%2Fcomments&post=262563"}],"version-history":[{"count":0,"href":"https:\/\/archive.sana.sy\/tr\/index.php?rest_route=\/wp\/v2\/posts\/262563\/revisions"}],"wp:featuredmedia":[{"embeddable":true,"href":"https:\/\/archive.sana.sy\/tr\/index.php?rest_route=\/wp\/v2\/media\/262564"}],"wp:attachment":[{"href":"https:\/\/archive.sana.sy\/tr\/index.php?rest_route=%2Fwp%2Fv2%2Fmedia&parent=262563"}],"wp:term":[{"taxonomy":"category","embeddable":true,"href":"https:\/\/archive.sana.sy\/tr\/index.php?rest_route=%2Fwp%2Fv2%2Fcategories&post=262563"},{"taxonomy":"post_tag","embeddable":true,"href":"https:\/\/archive.sana.sy\/tr\/index.php?rest_route=%2Fwp%2Fv2%2Ftags&post=262563"}],"curies":[{"name":"wp","href":"https:\/\/api.w.org\/{rel}","templated":true}]}}