{"id":262596,"date":"2022-09-17T17:52:17","date_gmt":"2022-09-17T14:52:17","guid":{"rendered":"http:\/\/107.6.182.27\/tr\/?p=262596"},"modified":"2022-09-18T09:43:07","modified_gmt":"2022-09-18T06:43:07","slug":"yerel-meclis-secimleri-yarin-yapiliyor","status":"publish","type":"post","link":"https:\/\/archive.sana.sy\/tr\/?p=262596","title":{"rendered":"Yerel Meclis Se\u00e7imleri Yar\u0131n Yap\u0131l\u0131yor"},"content":{"rendered":"<p>\u015eAM &#8211; T\u00fcm Suriye valiliklerinde yerel meclis se\u00e7imleri, se\u00e7menin sand\u0131k merkezine kolayca ula\u015fmas\u0131n\u0131 sa\u011flamak amac\u0131yla 2018 se\u00e7imlerine g\u00f6re 1.200 sand\u0131k art\u0131r\u0131larak 7.348 sand\u0131kta yar\u0131n sabah 07.00&#8217;de ba\u015flayacak.<\/p>\n<p>&#8220;Valilik meclisleri, \u015fehir, belde ve belediyeler&#8221; idari birimleri i\u00e7in aday say\u0131s\u0131n\u0131n 19.086 koltuk i\u00e7in yar\u0131\u015facak 59.498 adaya ula\u015ft\u0131\u011f\u0131 belirttirildi.<\/p>\n<p>Y\u00fcksek Yarg\u0131 Komitesi Ba\u015fkan\u0131 Hakim Cihad Murad d\u00fcn, yerel y\u00f6netim meclislerinin se\u00e7imleri i\u00e7in Cumartesi&#8217;nin se\u00e7im sessizli\u011fi g\u00fcn\u00fc oldu\u011funu duyurarak, bu g\u00fcnde halka a\u00e7\u0131k toplant\u0131lar\u0131n, adaylar i\u00e7in bro\u015f\u00fcr da\u011f\u0131t\u0131m\u0131n\u0131n ve propagandan\u0131n yasakland\u0131\u011f\u0131n\u0131 belirtti.<\/p>\n<p>Yerel meclis se\u00e7im merkezlerinin komite \u00fcyeleri, Genel Se\u00e7im Kanunu&#8217;nun 15. maddesi uyar\u0131nca se\u00e7im g\u00fcn\u00fc g\u00f6reve ba\u015flamadan \u00f6nce t\u00fcm valiliklerde yarg\u0131 alt komiteleri huzurunda kanuni and i\u00e7ti.<\/p>\n<p>Se\u00e7imler sabah 7&#8217;de ba\u015flay\u0131p ak\u015fam 19.00&#8217;da sona erer ve Y\u00fcksek Yarg\u0131 Kurulu se\u00e7im s\u00fcresini en fazla be\u015f saat uzatabilir.<\/p>\n<p><span style=\"color: #0000ff;\"><a class=\"qi72231t nu7423ey n3hqoq4p r86q59rh b3qcqh3k fq87ekyn bdao358l fsf7x5fv rse6dlih s5oniofx m8h3af8h l7ghb35v kjdc1dyq kmwttqpk srn514ro oxkhqvkx rl78xhln nch0832m cr00lzj9 rn8ck1ys s3jn8y49 icdlwmnq cxfqmxzd d1w2l3lo tes86rjd\" style=\"color: #0000ff;\" tabindex=\"0\" role=\"link\" href=\"https:\/\/t.me\/SuriyeArapHaberAjansI\">Telegram_Kanal\u0131m\u0131z<\/a>\u00a0<a class=\"qi72231t nu7423ey n3hqoq4p r86q59rh b3qcqh3k fq87ekyn bdao358l fsf7x5fv rse6dlih s5oniofx m8h3af8h l7ghb35v kjdc1dyq kmwttqpk srn514ro oxkhqvkx rl78xhln nch0832m cr00lzj9 rn8ck1ys s3jn8y49 icdlwmnq cxfqmxzd ezidihy3\" style=\"color: #0000ff;\" tabindex=\"0\" role=\"link\" href=\"https:\/\/www.facebook.com\/SANAHaberAjansi\" target=\"_blank\" rel=\"nofollow noopener\">https:\/\/t.me\/SuriyeArapHaberAjans<\/a><\/span><\/p>\n","protected":false},"excerpt":{"rendered":"<p>\u015eAM &#8211; T\u00fcm Suriye valiliklerinde yerel meclis se\u00e7imleri, se\u00e7menin sand\u0131k merkezine kolayca ula\u015fmas\u0131n\u0131 sa\u011flamak amac\u0131yla 2018 se\u00e7imlerine g\u00f6re 1.200 sand\u0131k art\u0131r\u0131larak 7.348 sand\u0131kta yar\u0131n sabah 07.00&#8217;de ba\u015flayacak. &#8220;Valilik meclisleri, \u015fehir, belde ve belediyeler&#8221; idari birimleri i\u00e7in aday say\u0131s\u0131n\u0131n 19.086 koltuk i\u00e7in yar\u0131\u015facak 59.498 adaya ula\u015ft\u0131\u011f\u0131 belirttirildi. Y\u00fcksek Yarg\u0131 Komitesi Ba\u015fkan\u0131 Hakim Cihad Murad d\u00fcn, yerel &hellip;<\/p>\n","protected":false},"author":41,"featured_media":262597,"comment_status":"closed","ping_status":"closed","sticky":false,"template":"","format":"standard","meta":{"footnotes":""},"categories":[479,17988,478],"tags":[],"class_list":["post-262596","post","type-post","status-publish","format-standard","has-post-thumbnail","","category-haberler-yerel","category-son-haberler","category-yerel"],"_links":{"self":[{"href":"https:\/\/archive.sana.sy\/tr\/index.php?rest_route=\/wp\/v2\/posts\/262596","targetHints":{"allow":["GET"]}}],"collection":[{"href":"https:\/\/archive.sana.sy\/tr\/index.php?rest_route=\/wp\/v2\/posts"}],"about":[{"href":"https:\/\/archive.sana.sy\/tr\/index.php?rest_route=\/wp\/v2\/types\/post"}],"author":[{"embeddable":true,"href":"https:\/\/archive.sana.sy\/tr\/index.php?rest_route=\/wp\/v2\/users\/41"}],"replies":[{"embeddable":true,"href":"https:\/\/archive.sana.sy\/tr\/index.php?rest_route=%2Fwp%2Fv2%2Fcomments&post=262596"}],"version-history":[{"count":0,"href":"https:\/\/archive.sana.sy\/tr\/index.php?rest_route=\/wp\/v2\/posts\/262596\/revisions"}],"wp:featuredmedia":[{"embeddable":true,"href":"https:\/\/archive.sana.sy\/tr\/index.php?rest_route=\/wp\/v2\/media\/262597"}],"wp:attachment":[{"href":"https:\/\/archive.sana.sy\/tr\/index.php?rest_route=%2Fwp%2Fv2%2Fmedia&parent=262596"}],"wp:term":[{"taxonomy":"category","embeddable":true,"href":"https:\/\/archive.sana.sy\/tr\/index.php?rest_route=%2Fwp%2Fv2%2Fcategories&post=262596"},{"taxonomy":"post_tag","embeddable":true,"href":"https:\/\/archive.sana.sy\/tr\/index.php?rest_route=%2Fwp%2Fv2%2Ftags&post=262596"}],"curies":[{"name":"wp","href":"https:\/\/api.w.org\/{rel}","templated":true}]}}