{"id":262599,"date":"2022-09-17T19:18:16","date_gmt":"2022-09-17T16:18:16","guid":{"rendered":"http:\/\/107.6.182.27\/tr\/?p=262599"},"modified":"2022-09-18T08:40:37","modified_gmt":"2022-09-18T05:40:37","slug":"cin-disisleri-bakanligi-suriyeli-ogrenciyi-odullendiriyor","status":"publish","type":"post","link":"https:\/\/archive.sana.sy\/tr\/?p=262599","title":{"rendered":"\u00c7in D\u0131\u015fi\u015fleri Bakanl\u0131\u011f\u0131, Suriyeli \u00d6\u011frenciyi \u00d6d\u00fcllendiriyor"},"content":{"rendered":"<p>PEK\u0130N &#8211; \u00c7in D\u0131\u015fi\u015fleri Bakanl\u0131\u011f\u0131, bug\u00fcn resmi web sitesinde \u00e7e\u015fitli alanlarda akademik ve sosyal m\u00fckemmelli\u011fi hakk\u0131nda bir makale yay\u0131nlayarak Suriyeli doktora \u00f6\u011frencisi Zeynelabidin Velid Ali&#8217;yi \u00f6d\u00fcllendirdi.<\/p>\n<p>\u00c7in D\u0131\u015fi\u015fleri bakanl\u0131\u011f\u0131 taraf\u0131ndan ilk kez bir yabanc\u0131 \u00f6\u011frenci i\u00e7in yaz\u0131lan makalede, \u00f6\u011frencinin 12 y\u0131l\u0131 a\u015fk\u0131n lisans, y\u00fcksek lisans ve doktora a\u015famalar\u0131ndaki m\u00fckemmelli\u011fine de\u011finilerek, Korona vir\u00fcs\u00fcn\u00fcn yay\u0131lmas\u0131 s\u0131ras\u0131nda ailesiyle birlikte y\u00fcr\u00fctt\u00fc\u011f\u00fc se\u00e7kin g\u00f6n\u00fcll\u00fc faaliyetlere de\u011finmenin yan\u0131 s\u0131ra bir\u00e7ok alanda ald\u0131\u011f\u0131 \u00f6d\u00fcl ve patentlerden de s\u00f6z edildi.<\/p>\n<p>Makale, \u00f6\u011frenci Zeynelabidin Velid Ali\u2019nin etkili, se\u00e7kin ve sevgi dolu Suriyeli gen\u00e7leri temsil etti\u011fine dikkat \u00e7ekti.<\/p>\n<p><span style=\"color: #0000ff;\"><a class=\"qi72231t nu7423ey n3hqoq4p r86q59rh b3qcqh3k fq87ekyn bdao358l fsf7x5fv rse6dlih s5oniofx m8h3af8h l7ghb35v kjdc1dyq kmwttqpk srn514ro oxkhqvkx rl78xhln nch0832m cr00lzj9 rn8ck1ys s3jn8y49 icdlwmnq cxfqmxzd d1w2l3lo tes86rjd\" style=\"color: #0000ff;\" tabindex=\"0\" role=\"link\" href=\"https:\/\/t.me\/SuriyeArapHaberAjansI\">Telegram_Kanal\u0131m\u0131z<\/a>\u00a0<a class=\"qi72231t nu7423ey n3hqoq4p r86q59rh b3qcqh3k fq87ekyn bdao358l fsf7x5fv rse6dlih s5oniofx m8h3af8h l7ghb35v kjdc1dyq kmwttqpk srn514ro oxkhqvkx rl78xhln nch0832m cr00lzj9 rn8ck1ys s3jn8y49 icdlwmnq cxfqmxzd ezidihy3\" style=\"color: #0000ff;\" tabindex=\"0\" role=\"link\" href=\"https:\/\/www.facebook.com\/SANAHaberAjansi\" target=\"_blank\" rel=\"nofollow noopener\">https:\/\/t.me\/SuriyeArapHaberAjans<\/a><\/span><\/p>\n","protected":false},"excerpt":{"rendered":"<p>PEK\u0130N &#8211; \u00c7in D\u0131\u015fi\u015fleri Bakanl\u0131\u011f\u0131, bug\u00fcn resmi web sitesinde \u00e7e\u015fitli alanlarda akademik ve sosyal m\u00fckemmelli\u011fi hakk\u0131nda bir makale yay\u0131nlayarak Suriyeli doktora \u00f6\u011frencisi Zeynelabidin Velid Ali&#8217;yi \u00f6d\u00fcllendirdi. \u00c7in D\u0131\u015fi\u015fleri bakanl\u0131\u011f\u0131 taraf\u0131ndan ilk kez bir yabanc\u0131 \u00f6\u011frenci i\u00e7in yaz\u0131lan makalede, \u00f6\u011frencinin 12 y\u0131l\u0131 a\u015fk\u0131n lisans, y\u00fcksek lisans ve doktora a\u015famalar\u0131ndaki m\u00fckemmelli\u011fine de\u011finilerek, Korona vir\u00fcs\u00fcn\u00fcn yay\u0131lmas\u0131 s\u0131ras\u0131nda ailesiyle &hellip;<\/p>\n","protected":false},"author":41,"featured_media":262600,"comment_status":"closed","ping_status":"closed","sticky":false,"template":"","format":"standard","meta":{"footnotes":""},"categories":[458,459,17988],"tags":[],"class_list":["post-262599","post","type-post","status-publish","format-standard","has-post-thumbnail","","category-dunya1","category-haberler-arap-uluslararasi-politika","category-son-haberler"],"_links":{"self":[{"href":"https:\/\/archive.sana.sy\/tr\/index.php?rest_route=\/wp\/v2\/posts\/262599","targetHints":{"allow":["GET"]}}],"collection":[{"href":"https:\/\/archive.sana.sy\/tr\/index.php?rest_route=\/wp\/v2\/posts"}],"about":[{"href":"https:\/\/archive.sana.sy\/tr\/index.php?rest_route=\/wp\/v2\/types\/post"}],"author":[{"embeddable":true,"href":"https:\/\/archive.sana.sy\/tr\/index.php?rest_route=\/wp\/v2\/users\/41"}],"replies":[{"embeddable":true,"href":"https:\/\/archive.sana.sy\/tr\/index.php?rest_route=%2Fwp%2Fv2%2Fcomments&post=262599"}],"version-history":[{"count":0,"href":"https:\/\/archive.sana.sy\/tr\/index.php?rest_route=\/wp\/v2\/posts\/262599\/revisions"}],"wp:featuredmedia":[{"embeddable":true,"href":"https:\/\/archive.sana.sy\/tr\/index.php?rest_route=\/wp\/v2\/media\/262600"}],"wp:attachment":[{"href":"https:\/\/archive.sana.sy\/tr\/index.php?rest_route=%2Fwp%2Fv2%2Fmedia&parent=262599"}],"wp:term":[{"taxonomy":"category","embeddable":true,"href":"https:\/\/archive.sana.sy\/tr\/index.php?rest_route=%2Fwp%2Fv2%2Fcategories&post=262599"},{"taxonomy":"post_tag","embeddable":true,"href":"https:\/\/archive.sana.sy\/tr\/index.php?rest_route=%2Fwp%2Fv2%2Ftags&post=262599"}],"curies":[{"name":"wp","href":"https:\/\/api.w.org\/{rel}","templated":true}]}}