{"id":262603,"date":"2022-09-17T21:44:43","date_gmt":"2022-09-17T18:44:43","guid":{"rendered":"http:\/\/107.6.182.27\/tr\/?p=262603"},"modified":"2022-09-18T08:40:53","modified_gmt":"2022-09-18T05:40:53","slug":"filipinler-buyukelciligi-suriye-ile-diplomatik-iliskilerin-kurulmasinin-76-yil-donumunu-kutladi","status":"publish","type":"post","link":"https:\/\/archive.sana.sy\/tr\/?p=262603","title":{"rendered":"Filipinler B\u00fcy\u00fckel\u00e7ili\u011fi, Suriye \u0130le Diplomatik \u0130li\u015fkilerin Kurulmas\u0131n\u0131n 76. Y\u0131l D\u00f6n\u00fcm\u00fcn\u00fc Kutlad\u0131"},"content":{"rendered":"<p>\u015eAM &#8211; Filipinler&#8217;in \u015eam B\u00fcy\u00fckel\u00e7ili\u011fi bug\u00fcn, Filipinler ile Suriye aras\u0131nda diplomatik ili\u015fkilerin kurulmas\u0131n\u0131n 76. y\u0131ld\u00f6n\u00fcm\u00fc m\u00fcnasebetiyle \u015eam&#8217;\u0131n Kafar Susa semtindeki Damascino Mall kompleksinde dost\u00e7a bir bowling yar\u0131\u015fmas\u0131 d\u00fczenledi.<\/p>\n<p>Filipinler&#8217;in \u015eam B\u00fcy\u00fckel\u00e7ili\u011fi Maslahatg\u00fczar\u0131 Feda Soraya Verzosa, bu sabah \u015eam Uluslararas\u0131 Havaliman\u0131&#8217;nda ve \u015eam&#8217;\u0131n g\u00fcneyinde meydana gelen \u0130srail sald\u0131r\u0131s\u0131nda hayat\u0131n\u0131 kaybedenlerin ailelerine taziyelerini ileterek, Filipinler&#8217;in Suriye halk\u0131 ile dayan\u0131\u015fmas\u0131n\u0131 ifade etti.<\/p>\n<p>Verzosa konu\u015fmas\u0131nda, iki \u00fclke aras\u0131ndaki k\u00fclt\u00fcrel i\u015fbirli\u011fi anla\u015fmalar\u0131n\u0131n bir par\u00e7as\u0131 olarak bu faaliyetin \u00f6nemine de\u011finerek, sporun herkes i\u00e7in sa\u011fl\u0131k ve zindeli\u011fi te\u015fvik etmek i\u00e7in \u00f6nemli bir proje oldu\u011funu ve k\u00fclt\u00fcrel i\u015fbirli\u011fini te\u015fvik etmede \u00e7ok \u00f6nemli bir unsur oldu\u011funu kaydetti.<\/p>\n<p>Verzosa, Suriye&#8217;de Filipinli ailelerin Suriye&#8217;de \u00e7al\u0131\u015ft\u0131ktan sonra Filipinler&#8217;e d\u00f6nmelerine yard\u0131m etti\u011fi ve destekledi\u011fi i\u00e7in ve ayr\u0131ca k\u00fc\u00e7\u00fck \u00e7ocuklar\u0131n e\u011fitim almas\u0131na yard\u0131mc\u0131 olacak f\u0131rsatlar yaratt\u0131\u011f\u0131 i\u00e7in Suriye&#8217;ye te\u015fekk\u00fcr etti.<\/p>\n<p>Buna kar\u015f\u0131l\u0131k D\u0131\u015fi\u015fleri ve Gurbet\u00e7iler Bakanl\u0131\u011f\u0131 Konsolosluk Dairesi M\u00fcd\u00fcr\u00fc Dr. Temmam S\u00fcleyman, d\u00fc\u015fman \u0130srail&#8217;in ger\u00e7ekle\u015ftirdi\u011fi sald\u0131r\u0131 ve ihlallere kar\u015f\u0131 Suriye halk\u0131 ile dayan\u0131\u015fma i\u00e7inde oldu\u011fu i\u00e7in Filipin B\u00fcy\u00fckel\u00e7ili\u011fine te\u015fekk\u00fcrlerini ve takdirlerini iletti.<\/p>\n<p>S\u00fcleyman, bu sald\u0131rganl\u0131\u011f\u0131n, i\u015fgalin Suriye&#8217;ye, Araplara, b\u00f6lgeye ve d\u00fcnyaya y\u00f6nelik vah\u015fetini ifade etti\u011fine i\u015faret ederek, Suriye&#8217;nin haklar\u0131n\u0131 ve egemenli\u011fini savunmaya devam etti\u011fine i\u015faret etti.<\/p>\n<p>S\u00fcleyman, S\u00fcleyman, 1946&#8217;da Filipinler&#8217;in ba\u011f\u0131ms\u0131zl\u0131\u011f\u0131n\u0131 tan\u0131yan ilk \u00fclkeler aras\u0131nda Suriye oldu\u011fu i\u00e7in iki \u00fclke aras\u0131ndaki dostlu\u011fun derinli\u011fini vurgulayarak, Filipinler&#8217;in Suriye&#8217;nin egemenli\u011fine olan inanc\u0131n\u0131 ve \u00f6zellikle \u00e7e\u015fitli alanlarda 14 ikili i\u015fbirli\u011fi anla\u015fmas\u0131yla ba\u011flant\u0131l\u0131 olduklar\u0131 i\u00e7in iki \u00fclke aras\u0131ndaki ili\u015fkileri g\u00fc\u00e7lendirmede ortak \u00e7al\u0131\u015fma y\u00fcr\u00fctt\u00fc\u011f\u00fcn\u00fc belirten Suriye&#8217;ye kar\u015f\u0131 ba\u015flat\u0131lan ter\u00f6r sava\u015f\u0131nda da Filipin B\u00fcy\u00fckel\u00e7ili\u011finin \u015eam&#8217;da \u00e7al\u0131\u015fmaya devam etti\u011fini kaydetti.<\/p>\n<p>Filipinler Fahri Konsolosu Vesim Na&#8217;na&#8217;a ise, Suriye-Filipinler ili\u015fkilerinin tarihi ve derin oldu\u011funu teyit ederek, iki \u00fclke halklar\u0131n\u0131n bar\u0131\u015fa y\u00f6nelik ayn\u0131 de\u011ferlere ve gelece\u011fe y\u00f6nelik olumlu bir bak\u0131\u015f a\u00e7\u0131s\u0131na sahip oldu\u011funa i\u015faret etti.<\/p>\n<p>T\u00f6rene Medya Departman\u0131 Direkt\u00f6r\u00fc Verif Al Halabi, Uluslararas\u0131 \u00d6rg\u00fctler Departman\u0131ndan Temmam Al Madani ve Suriye&#8217;deki uluslararas\u0131 kurulu\u015flar\u0131n temsilcileri kat\u0131ld\u0131.<\/p>\n<p><span style=\"color: #0000ff;\"><a class=\"qi72231t nu7423ey n3hqoq4p r86q59rh b3qcqh3k fq87ekyn bdao358l fsf7x5fv rse6dlih s5oniofx m8h3af8h l7ghb35v kjdc1dyq kmwttqpk srn514ro oxkhqvkx rl78xhln nch0832m cr00lzj9 rn8ck1ys s3jn8y49 icdlwmnq cxfqmxzd d1w2l3lo tes86rjd\" style=\"color: #0000ff;\" tabindex=\"0\" role=\"link\" href=\"https:\/\/t.me\/SuriyeArapHaberAjansI\">Telegram_Kanal\u0131m\u0131z<\/a>\u00a0<a class=\"qi72231t nu7423ey n3hqoq4p r86q59rh b3qcqh3k fq87ekyn bdao358l fsf7x5fv rse6dlih s5oniofx m8h3af8h l7ghb35v kjdc1dyq kmwttqpk srn514ro oxkhqvkx rl78xhln nch0832m cr00lzj9 rn8ck1ys s3jn8y49 icdlwmnq cxfqmxzd ezidihy3\" style=\"color: #0000ff;\" tabindex=\"0\" role=\"link\" href=\"https:\/\/www.facebook.com\/SANAHaberAjansi\" target=\"_blank\" rel=\"nofollow noopener\">https:\/\/t.me\/SuriyeArapHaberAjans<\/a><\/span><\/p>\n","protected":false},"excerpt":{"rendered":"<p>\u015eAM &#8211; Filipinler&#8217;in \u015eam B\u00fcy\u00fckel\u00e7ili\u011fi bug\u00fcn, Filipinler ile Suriye aras\u0131nda diplomatik ili\u015fkilerin kurulmas\u0131n\u0131n 76. y\u0131ld\u00f6n\u00fcm\u00fc m\u00fcnasebetiyle \u015eam&#8217;\u0131n Kafar Susa semtindeki Damascino Mall kompleksinde dost\u00e7a bir bowling yar\u0131\u015fmas\u0131 d\u00fczenledi. Filipinler&#8217;in \u015eam B\u00fcy\u00fckel\u00e7ili\u011fi Maslahatg\u00fczar\u0131 Feda Soraya Verzosa, bu sabah \u015eam Uluslararas\u0131 Havaliman\u0131&#8217;nda ve \u015eam&#8217;\u0131n g\u00fcneyinde meydana gelen \u0130srail sald\u0131r\u0131s\u0131nda hayat\u0131n\u0131 kaybedenlerin ailelerine taziyelerini ileterek, Filipinler&#8217;in Suriye halk\u0131 &hellip;<\/p>\n","protected":false},"author":1,"featured_media":262604,"comment_status":"closed","ping_status":"closed","sticky":false,"template":"","format":"standard","meta":{"footnotes":""},"categories":[479,17988,478],"tags":[],"class_list":["post-262603","post","type-post","status-publish","format-standard","has-post-thumbnail","","category-haberler-yerel","category-son-haberler","category-yerel"],"_links":{"self":[{"href":"https:\/\/archive.sana.sy\/tr\/index.php?rest_route=\/wp\/v2\/posts\/262603","targetHints":{"allow":["GET"]}}],"collection":[{"href":"https:\/\/archive.sana.sy\/tr\/index.php?rest_route=\/wp\/v2\/posts"}],"about":[{"href":"https:\/\/archive.sana.sy\/tr\/index.php?rest_route=\/wp\/v2\/types\/post"}],"author":[{"embeddable":true,"href":"https:\/\/archive.sana.sy\/tr\/index.php?rest_route=\/wp\/v2\/users\/1"}],"replies":[{"embeddable":true,"href":"https:\/\/archive.sana.sy\/tr\/index.php?rest_route=%2Fwp%2Fv2%2Fcomments&post=262603"}],"version-history":[{"count":0,"href":"https:\/\/archive.sana.sy\/tr\/index.php?rest_route=\/wp\/v2\/posts\/262603\/revisions"}],"wp:featuredmedia":[{"embeddable":true,"href":"https:\/\/archive.sana.sy\/tr\/index.php?rest_route=\/wp\/v2\/media\/262604"}],"wp:attachment":[{"href":"https:\/\/archive.sana.sy\/tr\/index.php?rest_route=%2Fwp%2Fv2%2Fmedia&parent=262603"}],"wp:term":[{"taxonomy":"category","embeddable":true,"href":"https:\/\/archive.sana.sy\/tr\/index.php?rest_route=%2Fwp%2Fv2%2Fcategories&post=262603"},{"taxonomy":"post_tag","embeddable":true,"href":"https:\/\/archive.sana.sy\/tr\/index.php?rest_route=%2Fwp%2Fv2%2Ftags&post=262603"}],"curies":[{"name":"wp","href":"https:\/\/api.w.org\/{rel}","templated":true}]}}