{"id":262606,"date":"2022-09-17T21:48:09","date_gmt":"2022-09-17T18:48:09","guid":{"rendered":"http:\/\/107.6.182.27\/tr\/?p=262606"},"modified":"2022-09-18T08:41:07","modified_gmt":"2022-09-18T05:41:07","slug":"saglik-bakani-kolera-salgini-durumu-kontrol-altinda","status":"publish","type":"post","link":"https:\/\/archive.sana.sy\/tr\/?p=262606","title":{"rendered":"Sa\u011fl\u0131k Bakan\u0131: Kolera Salg\u0131n\u0131 Durumu Kontrol Alt\u0131nda"},"content":{"rendered":"<p style=\"text-align: justify;\">\u015eAM &#8211; Sa\u011fl\u0131k Bakan\u0131 Dr. Hasan Al \u011eabba\u015f, bakanl\u0131\u011f\u0131n ald\u0131\u011f\u0131 proaktif \u00f6nlemler ve h\u00fck\u00fcmetin erken m\u00fcdahalesi sayesinde kolera yay\u0131lmas\u0131n\u0131n epidemiyolojik durumunun kontrol alt\u0131nda oldu\u011funu belirtti.<\/p>\n<p style=\"text-align: justify;\">Bakan Al Gabba\u015f, bug\u00fcn Birle\u015fmi\u015f Milletler kurulu\u015flar\u0131 ve sa\u011fl\u0131k alan\u0131nda \u00e7al\u0131\u015fan sivil toplum kurulu\u015flar\u0131n\u0131n temsilcileriyle yapt\u0131\u011f\u0131 g\u00f6r\u00fc\u015fmede, kolera salg\u0131n\u0131n\u0131 kontrol alt\u0131na almak i\u00e7in ulusal operasyonel plan\u0131n \u00fc\u00e7 ana eksende (sa\u011fl\u0131k, su ve ileti\u015fim) tan\u0131mland\u0131\u011f\u0131n\u0131 belirtti.<\/p>\n<p style=\"text-align: justify;\">Dr. Al Gabba\u015f, bakanl\u0131\u011f\u0131n hastal\u0131klar ve duyurular\u0131 konusunda tam bir \u015feffafl\u0131k i\u00e7inde \u00e7al\u0131\u015ft\u0131\u011f\u0131n\u0131 belirterek, sa\u011fl\u0131k i\u015flerinde, \u00f6zellikle hastal\u0131klar\u0131n ve salg\u0131n hastal\u0131klar\u0131n yay\u0131lmas\u0131yla ilgili konularda referans makam olarak ta\u015f\u0131d\u0131\u011f\u0131 sorumlulu\u011fa i\u015faret ederek, epidemiyolojik ger\u00e7e\u011fin belirlenmesi ve duyurulmas\u0131 ile istatistikler ve yaralanma say\u0131lar\u0131 konusunda bilgilendirildi.<\/p>\n<p style=\"text-align: justify;\">Dr. Al Gabba\u015f, hastal\u0131klar\u0131n yay\u0131lmas\u0131n\u0131 s\u0131n\u0131rlamak i\u00e7in ilgili makamlar aras\u0131nda ortak \u00e7al\u0131\u015fma ve koordinasyonun \u00f6nemini vurgulayarak, Suriye&#8217;deki vatanda\u015flara hizmet etmek i\u00e7in kurulu\u015flar aras\u0131nda koordinasyon rolleri \u00e7a\u011fr\u0131s\u0131nda bulundu ve Covid 19 deneyiminden yararlanma ihtiyac\u0131na dikkat \u00e7ekti.<\/p>\n<p style=\"text-align: justify;\">Bakan Al Gabba\u015f, T\u00fcrk i\u015fgali ve ter\u00f6r \u00f6rg\u00fctlerinin Haseke ve di\u011fer Suriye \u015fehirlerindeki vatanda\u015flara 50 g\u00fcnden fazla su kesmeye y\u00f6nelik eylemlerini, hastal\u0131k salg\u0131nlar\u0131n\u0131n yay\u0131lmas\u0131 ve insani felaketlere yol a\u00e7mas\u0131ndan dolay\u0131 insanl\u0131k d\u0131\u015f\u0131 bir eylem oldu\u011funu d\u00fc\u015f\u00fcnerek k\u0131nad\u0131.<\/p>\n<p style=\"text-align: justify;\">Buna kar\u015f\u0131l\u0131k, Birle\u015fmi\u015f Milletler Suriye Faaliyetleri Mukim Koordinat\u00f6r Yard\u0131mc\u0131s\u0131 ve Suriye&#8217;deki BMMYK Misyonu Ba\u015fkan\u0131 Sivanka Dana Bala, salg\u0131n\u0131n yay\u0131lmas\u0131n\u0131 s\u0131n\u0131rlamaya, engellerin \u00fcstesinden gelmeye ve \u00f6zellikle su kaynaklar\u0131nda k\u0131tl\u0131k oldu\u011fu i\u00e7in \u00e7abalar\u0131 birle\u015ftirmeye y\u00f6nelik taahh\u00fctlerini belirterek, Suriye&#8217;ye erzak sevkiyat\u0131n\u0131n h\u0131zland\u0131r\u0131lmas\u0131 i\u00e7in Bakanl\u0131k ile koordineli olarak \u00e7al\u0131\u015fmalar\u0131n yap\u0131lmas\u0131 gere\u011fini dile getirdi.<\/p>\n<p style=\"text-align: justify;\">D\u00fcnya Sa\u011fl\u0131k \u00d6rg\u00fct\u00fc&#8217;n\u00fcn Suriye temsilcisi vekili Dr. \u0130man Al \u015eankiti, \u00f6rg\u00fct\u00fcn \u00f6zellikle hastal\u0131\u011f\u0131 tespit etmek i\u00e7in h\u0131zl\u0131 yayma say\u0131s\u0131n\u0131 art\u0131rma alan\u0131nda bakanl\u0131ktan sorumlu ki\u015filerle i\u015fbirli\u011fini ve koordinasyonu art\u0131rmaya haz\u0131r oldu\u011funa dikkat \u00e7ekti.<\/p>\n<p style=\"text-align: justify;\">Buna kar\u015f\u0131l\u0131k UNICEF&#8217;in Suriye Temsilci Yard\u0131mc\u0131s\u0131 Dr. \u011eada Kececi, bakanl\u0131\u011f\u0131n prosed\u00fcrlerinin \u00f6nemine dikkat \u00e7ekerek, Suriye&#8217;de hastal\u0131\u011f\u0131n duyurulmas\u0131ndan bu yana bakanl\u0131k, sa\u011fl\u0131k m\u00fcd\u00fcrl\u00fckleri ve su kurumlar\u0131 ile \u00e7al\u0131\u015fmalar yap\u0131ld\u0131\u011f\u0131n\u0131 belirtti.<\/p>\n<p style=\"text-align: justify;\">Birle\u015fmi\u015f Milletler N\u00fcfus Fonu Suriye Temsilcisi Vekili Dr. Hamir Abdul Mu\u011fni, \u00e7ocuklara iyi bakmak, onlar\u0131n bak\u0131m\u0131n\u0131 \u00fcstlenerek hastal\u0131klar\u0131n yay\u0131lmas\u0131n\u0131 s\u0131n\u0131rlamada en b\u00fcy\u00fck role sahip olduklar\u0131 i\u00e7in kad\u0131nlar\u0131 bilin\u00e7lendirmenin \u00f6nemini a\u00e7\u0131klad\u0131.<\/p>\n<p style=\"text-align: justify;\">Uluslararas\u0131 K\u0131z\u0131lha\u00e7 Komitesi Sa\u011fl\u0131k Koordinat\u00f6r\u00fc Guglielmo Zambiyasi, bakanl\u0131k \u00e7al\u0131\u015fmalar\u0131n\u0131n ihtiya\u00e7lar\u0131n belirlenmesi a\u00e7\u0131s\u0131ndan \u00f6nemine de\u011finerek, bu konuda bakanl\u0131kla koordineli bir plan olaca\u011f\u0131na i\u015faret etti.<\/p>\n<p style=\"text-align: justify;\">Sa\u011fl\u0131k Bakan Yard\u0131mc\u0131s\u0131 ve \u00e7ok say\u0131da ilgili merkez y\u00f6neticisinin kat\u0131ld\u0131\u011f\u0131 toplant\u0131da, kolera acil sa\u011fl\u0131k m\u00fcdahalesine m\u00fcdahalenin h\u0131zl\u0131 koordinasyonuna katk\u0131 sa\u011flayacak ve etkinli\u011fini art\u0131racak yollar hakk\u0131nda bir\u00e7ok tart\u0131\u015fma yap\u0131ld\u0131.<\/p>\n<p><span style=\"color: #0000ff;\"><a class=\"qi72231t nu7423ey n3hqoq4p r86q59rh b3qcqh3k fq87ekyn bdao358l fsf7x5fv rse6dlih s5oniofx m8h3af8h l7ghb35v kjdc1dyq kmwttqpk srn514ro oxkhqvkx rl78xhln nch0832m cr00lzj9 rn8ck1ys s3jn8y49 icdlwmnq cxfqmxzd d1w2l3lo tes86rjd\" style=\"color: #0000ff;\" tabindex=\"0\" role=\"link\" href=\"https:\/\/t.me\/SuriyeArapHaberAjansI\">Telegram_Kanal\u0131m\u0131z<\/a>\u00a0<a class=\"qi72231t nu7423ey n3hqoq4p r86q59rh b3qcqh3k fq87ekyn bdao358l fsf7x5fv rse6dlih s5oniofx m8h3af8h l7ghb35v kjdc1dyq kmwttqpk srn514ro oxkhqvkx rl78xhln nch0832m cr00lzj9 rn8ck1ys s3jn8y49 icdlwmnq cxfqmxzd ezidihy3\" style=\"color: #0000ff;\" tabindex=\"0\" role=\"link\" href=\"https:\/\/www.facebook.com\/SANAHaberAjansi\" target=\"_blank\" rel=\"nofollow noopener\">https:\/\/t.me\/SuriyeArapHaberAjans<\/a><\/span><\/p>\n","protected":false},"excerpt":{"rendered":"<p>\u015eAM &#8211; Sa\u011fl\u0131k Bakan\u0131 Dr. Hasan Al \u011eabba\u015f, bakanl\u0131\u011f\u0131n ald\u0131\u011f\u0131 proaktif \u00f6nlemler ve h\u00fck\u00fcmetin erken m\u00fcdahalesi sayesinde kolera yay\u0131lmas\u0131n\u0131n epidemiyolojik durumunun kontrol alt\u0131nda oldu\u011funu belirtti. Bakan Al Gabba\u015f, bug\u00fcn Birle\u015fmi\u015f Milletler kurulu\u015flar\u0131 ve sa\u011fl\u0131k alan\u0131nda \u00e7al\u0131\u015fan sivil toplum kurulu\u015flar\u0131n\u0131n temsilcileriyle yapt\u0131\u011f\u0131 g\u00f6r\u00fc\u015fmede, kolera salg\u0131n\u0131n\u0131 kontrol alt\u0131na almak i\u00e7in ulusal operasyonel plan\u0131n \u00fc\u00e7 ana eksende (sa\u011fl\u0131k, &hellip;<\/p>\n","protected":false},"author":1,"featured_media":262607,"comment_status":"closed","ping_status":"closed","sticky":false,"template":"","format":"standard","meta":{"footnotes":""},"categories":[479,17988,478],"tags":[],"class_list":["post-262606","post","type-post","status-publish","format-standard","has-post-thumbnail","","category-haberler-yerel","category-son-haberler","category-yerel"],"_links":{"self":[{"href":"https:\/\/archive.sana.sy\/tr\/index.php?rest_route=\/wp\/v2\/posts\/262606","targetHints":{"allow":["GET"]}}],"collection":[{"href":"https:\/\/archive.sana.sy\/tr\/index.php?rest_route=\/wp\/v2\/posts"}],"about":[{"href":"https:\/\/archive.sana.sy\/tr\/index.php?rest_route=\/wp\/v2\/types\/post"}],"author":[{"embeddable":true,"href":"https:\/\/archive.sana.sy\/tr\/index.php?rest_route=\/wp\/v2\/users\/1"}],"replies":[{"embeddable":true,"href":"https:\/\/archive.sana.sy\/tr\/index.php?rest_route=%2Fwp%2Fv2%2Fcomments&post=262606"}],"version-history":[{"count":0,"href":"https:\/\/archive.sana.sy\/tr\/index.php?rest_route=\/wp\/v2\/posts\/262606\/revisions"}],"wp:featuredmedia":[{"embeddable":true,"href":"https:\/\/archive.sana.sy\/tr\/index.php?rest_route=\/wp\/v2\/media\/262607"}],"wp:attachment":[{"href":"https:\/\/archive.sana.sy\/tr\/index.php?rest_route=%2Fwp%2Fv2%2Fmedia&parent=262606"}],"wp:term":[{"taxonomy":"category","embeddable":true,"href":"https:\/\/archive.sana.sy\/tr\/index.php?rest_route=%2Fwp%2Fv2%2Fcategories&post=262606"},{"taxonomy":"post_tag","embeddable":true,"href":"https:\/\/archive.sana.sy\/tr\/index.php?rest_route=%2Fwp%2Fv2%2Ftags&post=262606"}],"curies":[{"name":"wp","href":"https:\/\/api.w.org\/{rel}","templated":true}]}}