{"id":262609,"date":"2022-09-17T22:08:34","date_gmt":"2022-09-17T19:08:34","guid":{"rendered":"http:\/\/107.6.182.27\/tr\/?p=262609"},"modified":"2022-09-18T08:41:30","modified_gmt":"2022-09-18T05:41:30","slug":"suriye-irak-ortak-calismalarinin-onceliginde-iklim-degisiklikleriyle-mucadele-ve-cevreyi-korumada-projeler-hazirlama","status":"publish","type":"post","link":"https:\/\/archive.sana.sy\/tr\/?p=262609","title":{"rendered":"Suriye Irak Ortak \u00c7al\u0131\u015fmalar\u0131n\u0131n \u00d6nceli\u011finde \u0130klim De\u011fi\u015fiklikleriyle M\u00fccadele Ve \u00c7evreyi Korumada Projeler Haz\u0131rlama"},"content":{"rendered":"<p style=\"text-align: justify;\">\u015eAM &#8211; \u0130klim de\u011fi\u015fikliklerine uyum sa\u011flamak ve iki \u00fclkenin vizyonunu geli\u015ftirmek i\u00e7in Suriye ve Irak&#8217;\u0131n deneyimlerinden yararlanmak ve bu de\u011fi\u015fikliklerin yan etkilerine ve bunlardan kaynaklanan toz f\u0131rt\u0131nalar\u0131na kar\u015f\u0131 \u00e7evreyi korumaya y\u00f6nelik ortak b\u00f6lgesel projelerin uygulanmas\u0131 yoluyla y\u00fczle\u015fmek ve bozulmadan korumak, iklim de\u011fi\u015fikli\u011fi ve \u00e7evre \u00fczerindeki etkisi Yerel \u0130dare Ve \u00c7evre Bakanl\u0131\u011f\u0131 binas\u0131ndan g\u00f6r\u00fc\u015f\u00fclen en \u00f6nemli konula aras\u0131nda yere ald\u0131.<\/p>\n<p style=\"text-align: justify;\">\u00c7al\u0131\u015ftayda Irak heyeti, \u00fclkesinin iklim de\u011fi\u015fiklikleriyle m\u00fccadele etmek i\u00e7in \u00fcstlendi\u011fi projeler ve Irak \u00c7evre Bakanl\u0131\u011f\u0131&#8217;n\u0131n b\u00f6lgesel i\u015fbirli\u011fi alan\u0131ndaki vizyonu ve \u00fclkenin hayati alan\u0131n\u0131 tehdit eden bu de\u011fi\u015fikliklerle nas\u0131l ba\u015fa \u00e7\u0131k\u0131laca\u011f\u0131 konusunda bir sunum yapt\u0131.<\/p>\n<p style=\"text-align: justify;\">\u0130ki taraf, bu konuda ortak bir eylem \u00e7er\u00e7evesi olu\u015fturmak ve petrol kirlili\u011finden kurtulmak i\u00e7in Irak deneyimlerinden ve yenilenebilir enerjiler alan\u0131ndaki Suriye deneyiminden yararlanmak i\u00e7in bir mutabakat zapt\u0131 imzalama gere\u011fi \u00fczerinde anla\u015farak, \u00e7al\u0131\u015fma \u00f6rg\u00fctlenmesi ve motive edilmesi \u00e7a\u011fr\u0131s\u0131nda bulundu.<\/p>\n<p style=\"text-align: justify;\">\u00c7al\u0131\u015ftayda, bu konuda olumlu bir sonuca ula\u015fmak amac\u0131yla uluslararas\u0131, b\u00f6lgesel ve ulusal konferanslarda iklim de\u011fi\u015fikli\u011fine uyum ve mutlak koordinasyon i\u00e7in \u00f6nemli etki ve katma de\u011fer sa\u011flayacak \u00e7abalar geli\u015ftirmek ve projeler \u00f6nermek \u00fczere ortak bir \u00e7al\u0131\u015fma grubu olu\u015fturuldu.<\/p>\n<p style=\"text-align: justify;\">Yerel Y\u00f6netim ve \u00c7evre Bakan\u0131 H\u00fcseyin Mahluf gazetecilere verdi\u011fi deme\u00e7te, \u0130klim Uyum Fonu&#8217;ndan sa\u011flanan fonlarla \u00e7e\u015fitli taraflarla i\u015fbirli\u011fi i\u00e7inde y\u00fcr\u00fct\u00fclen Do\u011fu Guta&#8217;y\u0131 canland\u0131rma projesinin \u00f6nemine dikkat \u00e7ekerek, iklimle m\u00fccadelenin istenen amaca ula\u015fmak i\u00e7in kendi aralar\u0131nda b\u00fct\u00fcnle\u015fen ulusal, b\u00f6lgesel ve uluslararas\u0131 \u00e7abalar\u0131 gerektirdi\u011fine dikkat \u00e7ekti.<\/p>\n<p style=\"text-align: justify;\">Kendi y\u00f6n\u00fcnden Irak \u00c7evre Bakan\u0131 Casim Abdul Aziz Al Falahi, \u00e7evre dostu projeler uygulamak, iklim de\u011fi\u015fikli\u011fi alan\u0131nda i\u015fbirli\u011fi i\u00e7in b\u00f6lgesel bir plan geli\u015ftirmek, Ye\u015fil Fon&#8217;un finansman\u0131ndan yararlanmaya \u00e7al\u0131\u015fmak gerekti\u011fine dikkat \u00e7ekerek, \u00f6ncelikler a\u00e7\u0131s\u0131ndan net bir vizyon haz\u0131rlanmas\u0131 ve zorluklar\u0131n bir k\u0131sm\u0131n\u0131n ba\u015far\u0131 hikayelerine d\u00f6n\u00fc\u015ft\u00fcr\u00fclmesi gere\u011fini ifade etti.<\/p>\n<p><span style=\"color: #0000ff;\"><a class=\"qi72231t nu7423ey n3hqoq4p r86q59rh b3qcqh3k fq87ekyn bdao358l fsf7x5fv rse6dlih s5oniofx m8h3af8h l7ghb35v kjdc1dyq kmwttqpk srn514ro oxkhqvkx rl78xhln nch0832m cr00lzj9 rn8ck1ys s3jn8y49 icdlwmnq cxfqmxzd d1w2l3lo tes86rjd\" style=\"color: #0000ff;\" tabindex=\"0\" role=\"link\" href=\"https:\/\/t.me\/SuriyeArapHaberAjansI\">Telegram_Kanal\u0131m\u0131z<\/a>\u00a0<a class=\"qi72231t nu7423ey n3hqoq4p r86q59rh b3qcqh3k fq87ekyn bdao358l fsf7x5fv rse6dlih s5oniofx m8h3af8h l7ghb35v kjdc1dyq kmwttqpk srn514ro oxkhqvkx rl78xhln nch0832m cr00lzj9 rn8ck1ys s3jn8y49 icdlwmnq cxfqmxzd ezidihy3\" style=\"color: #0000ff;\" tabindex=\"0\" role=\"link\" href=\"https:\/\/www.facebook.com\/SANAHaberAjansi\" target=\"_blank\" rel=\"nofollow noopener\">https:\/\/t.me\/SuriyeArapHaberAjans<\/a><\/span><\/p>\n<p style=\"text-align: justify;\">\n","protected":false},"excerpt":{"rendered":"<p>\u015eAM &#8211; \u0130klim de\u011fi\u015fikliklerine uyum sa\u011flamak ve iki \u00fclkenin vizyonunu geli\u015ftirmek i\u00e7in Suriye ve Irak&#8217;\u0131n deneyimlerinden yararlanmak ve bu de\u011fi\u015fikliklerin yan etkilerine ve bunlardan kaynaklanan toz f\u0131rt\u0131nalar\u0131na kar\u015f\u0131 \u00e7evreyi korumaya y\u00f6nelik ortak b\u00f6lgesel projelerin uygulanmas\u0131 yoluyla y\u00fczle\u015fmek ve bozulmadan korumak, iklim de\u011fi\u015fikli\u011fi ve \u00e7evre \u00fczerindeki etkisi Yerel \u0130dare Ve \u00c7evre Bakanl\u0131\u011f\u0131 binas\u0131ndan g\u00f6r\u00fc\u015f\u00fclen en \u00f6nemli &hellip;<\/p>\n","protected":false},"author":1,"featured_media":262610,"comment_status":"closed","ping_status":"closed","sticky":false,"template":"","format":"standard","meta":{"footnotes":""},"categories":[479,17988,478],"tags":[],"class_list":["post-262609","post","type-post","status-publish","format-standard","has-post-thumbnail","","category-haberler-yerel","category-son-haberler","category-yerel"],"_links":{"self":[{"href":"https:\/\/archive.sana.sy\/tr\/index.php?rest_route=\/wp\/v2\/posts\/262609","targetHints":{"allow":["GET"]}}],"collection":[{"href":"https:\/\/archive.sana.sy\/tr\/index.php?rest_route=\/wp\/v2\/posts"}],"about":[{"href":"https:\/\/archive.sana.sy\/tr\/index.php?rest_route=\/wp\/v2\/types\/post"}],"author":[{"embeddable":true,"href":"https:\/\/archive.sana.sy\/tr\/index.php?rest_route=\/wp\/v2\/users\/1"}],"replies":[{"embeddable":true,"href":"https:\/\/archive.sana.sy\/tr\/index.php?rest_route=%2Fwp%2Fv2%2Fcomments&post=262609"}],"version-history":[{"count":0,"href":"https:\/\/archive.sana.sy\/tr\/index.php?rest_route=\/wp\/v2\/posts\/262609\/revisions"}],"wp:featuredmedia":[{"embeddable":true,"href":"https:\/\/archive.sana.sy\/tr\/index.php?rest_route=\/wp\/v2\/media\/262610"}],"wp:attachment":[{"href":"https:\/\/archive.sana.sy\/tr\/index.php?rest_route=%2Fwp%2Fv2%2Fmedia&parent=262609"}],"wp:term":[{"taxonomy":"category","embeddable":true,"href":"https:\/\/archive.sana.sy\/tr\/index.php?rest_route=%2Fwp%2Fv2%2Fcategories&post=262609"},{"taxonomy":"post_tag","embeddable":true,"href":"https:\/\/archive.sana.sy\/tr\/index.php?rest_route=%2Fwp%2Fv2%2Ftags&post=262609"}],"curies":[{"name":"wp","href":"https:\/\/api.w.org\/{rel}","templated":true}]}}