{"id":262615,"date":"2022-09-17T22:21:07","date_gmt":"2022-09-17T19:21:07","guid":{"rendered":"http:\/\/107.6.182.27\/tr\/?p=262615"},"modified":"2022-09-18T08:42:26","modified_gmt":"2022-09-18T05:42:26","slug":"kultur-bakani-hani-sakire-suriye-tiyatrolari-dusunceyi-insa-etmek-ve-guclendirmekten-asla-geri-kalmadi","status":"publish","type":"post","link":"https:\/\/archive.sana.sy\/tr\/?p=262615","title":{"rendered":"K\u00fclt\u00fcr Bakan\u0131 Hani \u015eakir&#8217;e: Suriye Tiyatrolar\u0131 D\u00fc\u015f\u00fcnceyi \u0130n\u015fa Etmek Ve G\u00fc\u00e7lendirmekten Asla Geri Kalmad\u0131"},"content":{"rendered":"<p style=\"text-align: justify;\">\u015eAM &#8211; K\u00fclt\u00fcr Bakan\u0131 Dr. Lubana Mu\u015favvah, bug\u00fcn M\u0131s\u0131rl\u0131 b\u00fcy\u00fck sanat\u00e7\u0131 Hani \u015eakir&#8217;i kabul\u00fcnde, Opera Binas\u0131&#8217;ndaki iki konserin elde etti\u011fi b\u00fcy\u00fck ba\u015far\u0131 ve kat\u0131l\u0131m\u0131n, Suriye ve M\u0131s\u0131r halklar\u0131 aras\u0131ndaki yak\u0131nla\u015fman\u0131n en b\u00fcy\u00fck kan\u0131t\u0131 oldu\u011funu belirtti.<\/p>\n<p style=\"text-align: justify;\">Dr. Mu\u015favvah, K\u00fclt\u00fcr Bakanl\u0131\u011f\u0131 tiyatrolar\u0131n\u0131n otantik \u00fcst d\u00fczey sanat sergiledi\u011fini ve Suriye&#8217;deki ter\u00f6r sava\u015f\u0131 esnas\u0131nda en zor ko\u015fullarda bile d\u00fc\u015f\u00fcnceyi in\u015fa etme ve ifade, yarat\u0131c\u0131l\u0131k ve y\u00fcksek ayr\u0131m ara\u00e7lar\u0131yla g\u00fc\u00e7lendirme rol\u00fcn\u00fc oynamay\u0131 asla b\u0131rakmad\u0131\u011f\u0131n\u0131 s\u00f6yledi.<\/p>\n<p style=\"text-align: justify;\">Buna kar\u015f\u0131l\u0131k b\u00fcy\u00fck sanat\u00e7\u0131 Hani \u015eakir, m\u00fczi\u011fin t\u00fcm halklar aras\u0131nda bir sevgi ve bar\u0131\u015f mesaj\u0131 oldu\u011funu belirterek, Suriye halk\u0131ndan ald\u0131\u011f\u0131 sevgiyi \u00f6vd\u00fc ve daha sonra Suriye&#8217;nin di\u011fer vilayetlerinde ba\u015fka konserler vermek istedi\u011fini ifade etti.<\/p>\n<p style=\"text-align: justify;\">Toplant\u0131ya Suriye-M\u0131s\u0131r Dostluk Derne\u011fi Genel Sekreteri Talal Al Attar, Dar Al Esad K\u00fclt\u00fcr ve Sanat Kurumu Genel M\u00fcd\u00fcr\u00fc Maestro Andre Maaluli, Sinema Vakf\u0131 Genel M\u00fcd\u00fcr\u00fc Murad \u015eahin, Y\u00fcksek Enstit\u00fcs\u00fc Dekan\u0131 Adnan Fethallah ve Planlama ve Uluslararas\u0131 \u0130\u015fbirli\u011fi Direkt\u00f6r\u00fc Nada Al H\u00fcseyni kat\u0131ld\u0131.<\/p>\n<p><span style=\"color: #0000ff;\"><a class=\"qi72231t nu7423ey n3hqoq4p r86q59rh b3qcqh3k fq87ekyn bdao358l fsf7x5fv rse6dlih s5oniofx m8h3af8h l7ghb35v kjdc1dyq kmwttqpk srn514ro oxkhqvkx rl78xhln nch0832m cr00lzj9 rn8ck1ys s3jn8y49 icdlwmnq cxfqmxzd d1w2l3lo tes86rjd\" style=\"color: #0000ff;\" tabindex=\"0\" role=\"link\" href=\"https:\/\/t.me\/SuriyeArapHaberAjansI\">Telegram_Kanal\u0131m\u0131z<\/a>\u00a0<a class=\"qi72231t nu7423ey n3hqoq4p r86q59rh b3qcqh3k fq87ekyn bdao358l fsf7x5fv rse6dlih s5oniofx m8h3af8h l7ghb35v kjdc1dyq kmwttqpk srn514ro oxkhqvkx rl78xhln nch0832m cr00lzj9 rn8ck1ys s3jn8y49 icdlwmnq cxfqmxzd ezidihy3\" style=\"color: #0000ff;\" tabindex=\"0\" role=\"link\" href=\"https:\/\/www.facebook.com\/SANAHaberAjansi\" target=\"_blank\" rel=\"nofollow noopener\">https:\/\/t.me\/SuriyeArapHaberAjans<\/a><\/span><\/p>\n","protected":false},"excerpt":{"rendered":"<p>\u015eAM &#8211; K\u00fclt\u00fcr Bakan\u0131 Dr. Lubana Mu\u015favvah, bug\u00fcn M\u0131s\u0131rl\u0131 b\u00fcy\u00fck sanat\u00e7\u0131 Hani \u015eakir&#8217;i kabul\u00fcnde, Opera Binas\u0131&#8217;ndaki iki konserin elde etti\u011fi b\u00fcy\u00fck ba\u015far\u0131 ve kat\u0131l\u0131m\u0131n, Suriye ve M\u0131s\u0131r halklar\u0131 aras\u0131ndaki yak\u0131nla\u015fman\u0131n en b\u00fcy\u00fck kan\u0131t\u0131 oldu\u011funu belirtti. Dr. Mu\u015favvah, K\u00fclt\u00fcr Bakanl\u0131\u011f\u0131 tiyatrolar\u0131n\u0131n otantik \u00fcst d\u00fczey sanat sergiledi\u011fini ve Suriye&#8217;deki ter\u00f6r sava\u015f\u0131 esnas\u0131nda en zor ko\u015fullarda bile d\u00fc\u015f\u00fcnceyi &hellip;<\/p>\n","protected":false},"author":1,"featured_media":262616,"comment_status":"closed","ping_status":"closed","sticky":false,"template":"","format":"standard","meta":{"footnotes":""},"categories":[516,479,511,17988,478],"tags":[],"class_list":["post-262615","post","type-post","status-publish","format-standard","has-post-thumbnail","","category-haberler-kultur-ve-sanat","category-haberler-yerel","category-kultur-ve-sanat","category-son-haberler","category-yerel"],"_links":{"self":[{"href":"https:\/\/archive.sana.sy\/tr\/index.php?rest_route=\/wp\/v2\/posts\/262615","targetHints":{"allow":["GET"]}}],"collection":[{"href":"https:\/\/archive.sana.sy\/tr\/index.php?rest_route=\/wp\/v2\/posts"}],"about":[{"href":"https:\/\/archive.sana.sy\/tr\/index.php?rest_route=\/wp\/v2\/types\/post"}],"author":[{"embeddable":true,"href":"https:\/\/archive.sana.sy\/tr\/index.php?rest_route=\/wp\/v2\/users\/1"}],"replies":[{"embeddable":true,"href":"https:\/\/archive.sana.sy\/tr\/index.php?rest_route=%2Fwp%2Fv2%2Fcomments&post=262615"}],"version-history":[{"count":0,"href":"https:\/\/archive.sana.sy\/tr\/index.php?rest_route=\/wp\/v2\/posts\/262615\/revisions"}],"wp:featuredmedia":[{"embeddable":true,"href":"https:\/\/archive.sana.sy\/tr\/index.php?rest_route=\/wp\/v2\/media\/262616"}],"wp:attachment":[{"href":"https:\/\/archive.sana.sy\/tr\/index.php?rest_route=%2Fwp%2Fv2%2Fmedia&parent=262615"}],"wp:term":[{"taxonomy":"category","embeddable":true,"href":"https:\/\/archive.sana.sy\/tr\/index.php?rest_route=%2Fwp%2Fv2%2Fcategories&post=262615"},{"taxonomy":"post_tag","embeddable":true,"href":"https:\/\/archive.sana.sy\/tr\/index.php?rest_route=%2Fwp%2Fv2%2Ftags&post=262615"}],"curies":[{"name":"wp","href":"https:\/\/api.w.org\/{rel}","templated":true}]}}