{"id":262637,"date":"2022-09-18T09:32:11","date_gmt":"2022-09-18T06:32:11","guid":{"rendered":"http:\/\/107.6.182.27\/tr\/?p=262637"},"modified":"2022-09-19T08:18:40","modified_gmt":"2022-09-19T05:18:40","slug":"beyt-lahmda-israil-isgal-gucleri-bir-filistinliyi-yaralandi","status":"publish","type":"post","link":"https:\/\/archive.sana.sy\/tr\/?p=262637","title":{"rendered":"Beyt Lahm&#8217;da \u0130srail \u0130\u015fgal G\u00fc\u00e7leri Bir Filistinliyi Yaraland\u0131"},"content":{"rendered":"<p>\u0130\u015eGAL ED\u0130LEN KUD\u00dcS \u2013 Bat\u0131 Yaka&#8217;daki Beyt Lahm kentinin bat\u0131s\u0131nda \u0130srail i\u015fgal g\u00fc\u00e7lerinin kur\u015funlar\u0131yla bir Filistinli yaraland\u0131.<\/p>\n<p>Filistinli WAFA Haber Ajans\u0131, i\u015fgal g\u00fc\u00e7lerinin, Beyt Lahm kentinin bat\u0131s\u0131ndaki Husan k\u00f6y\u00fcne bask\u0131n d\u00fczenledi\u011fini belirtirken, Filistinlilere kur\u015funlarla sald\u0131rd\u0131\u011f\u0131n\u0131, birinin yaraland\u0131\u011f\u0131na i\u015faret etti.<\/p>\n<p><a class=\"qi72231t nu7423ey n3hqoq4p r86q59rh b3qcqh3k fq87ekyn bdao358l fsf7x5fv rse6dlih s5oniofx m8h3af8h l7ghb35v kjdc1dyq kmwttqpk srn514ro oxkhqvkx rl78xhln nch0832m cr00lzj9 rn8ck1ys s3jn8y49 icdlwmnq cxfqmxzd d1w2l3lo tes86rjd\" tabindex=\"0\" role=\"link\" href=\"https:\/\/www.facebook.com\/hashtag\/telegram_kanal%C4%B1m%C4%B1z?__eep__=6&amp;__cft__[0]=AZUEjbJsMJQ_ttAavr352n6eXwBazo1jfPGZLFANnx_b2GIA1NmFBINxfDVf7UUHF8dsb_a7QnsveukFyu5ATEgOonB8SZRbX2l9ARSLjmawlwaRfQuoBjbjp_6aSMUvpUo&amp;__tn__=*NK-R\">#Telegram_Kanal\u0131m\u0131z<\/a>: <a class=\"qi72231t nu7423ey n3hqoq4p r86q59rh b3qcqh3k fq87ekyn bdao358l fsf7x5fv rse6dlih s5oniofx m8h3af8h l7ghb35v kjdc1dyq kmwttqpk srn514ro oxkhqvkx rl78xhln nch0832m cr00lzj9 rn8ck1ys s3jn8y49 icdlwmnq cxfqmxzd ezidihy3\" tabindex=\"0\" role=\"link\" href=\"https:\/\/t.me\/SuriyeArapHaberAjans?fbclid=IwAR0uIjHAs4OC21GDUbPLief36Vpbx3IA5ePltLXVTuGI2UQjXXgqnHVY2wU\" target=\"_blank\" rel=\"nofollow noopener\">https:\/\/t.me\/SuriyeArapHaberAjans<\/a><\/p>\n","protected":false},"excerpt":{"rendered":"<p>\u0130\u015eGAL ED\u0130LEN KUD\u00dcS \u2013 Bat\u0131 Yaka&#8217;daki Beyt Lahm kentinin bat\u0131s\u0131nda \u0130srail i\u015fgal g\u00fc\u00e7lerinin kur\u015funlar\u0131yla bir Filistinli yaraland\u0131. Filistinli WAFA Haber Ajans\u0131, i\u015fgal g\u00fc\u00e7lerinin, Beyt Lahm kentinin bat\u0131s\u0131ndaki Husan k\u00f6y\u00fcne bask\u0131n d\u00fczenledi\u011fini belirtirken, Filistinlilere kur\u015funlarla sald\u0131rd\u0131\u011f\u0131n\u0131, birinin yaraland\u0131\u011f\u0131na i\u015faret etti. #Telegram_Kanal\u0131m\u0131z: https:\/\/t.me\/SuriyeArapHaberAjans<\/p>\n","protected":false},"author":39,"featured_media":262639,"comment_status":"closed","ping_status":"closed","sticky":false,"template":"","format":"standard","meta":{"footnotes":""},"categories":[458,459,17988],"tags":[],"class_list":["post-262637","post","type-post","status-publish","format-standard","has-post-thumbnail","","category-dunya1","category-haberler-arap-uluslararasi-politika","category-son-haberler"],"_links":{"self":[{"href":"https:\/\/archive.sana.sy\/tr\/index.php?rest_route=\/wp\/v2\/posts\/262637","targetHints":{"allow":["GET"]}}],"collection":[{"href":"https:\/\/archive.sana.sy\/tr\/index.php?rest_route=\/wp\/v2\/posts"}],"about":[{"href":"https:\/\/archive.sana.sy\/tr\/index.php?rest_route=\/wp\/v2\/types\/post"}],"author":[{"embeddable":true,"href":"https:\/\/archive.sana.sy\/tr\/index.php?rest_route=\/wp\/v2\/users\/39"}],"replies":[{"embeddable":true,"href":"https:\/\/archive.sana.sy\/tr\/index.php?rest_route=%2Fwp%2Fv2%2Fcomments&post=262637"}],"version-history":[{"count":0,"href":"https:\/\/archive.sana.sy\/tr\/index.php?rest_route=\/wp\/v2\/posts\/262637\/revisions"}],"wp:featuredmedia":[{"embeddable":true,"href":"https:\/\/archive.sana.sy\/tr\/index.php?rest_route=\/wp\/v2\/media\/262639"}],"wp:attachment":[{"href":"https:\/\/archive.sana.sy\/tr\/index.php?rest_route=%2Fwp%2Fv2%2Fmedia&parent=262637"}],"wp:term":[{"taxonomy":"category","embeddable":true,"href":"https:\/\/archive.sana.sy\/tr\/index.php?rest_route=%2Fwp%2Fv2%2Fcategories&post=262637"},{"taxonomy":"post_tag","embeddable":true,"href":"https:\/\/archive.sana.sy\/tr\/index.php?rest_route=%2Fwp%2Fv2%2Ftags&post=262637"}],"curies":[{"name":"wp","href":"https:\/\/api.w.org\/{rel}","templated":true}]}}