{"id":2627,"date":"2014-06-09T22:09:05","date_gmt":"2014-06-09T19:09:05","guid":{"rendered":"http:\/\/sanasyria.org\/tr\/?p=2627"},"modified":"2014-06-09T22:09:05","modified_gmt":"2014-06-09T19:09:05","slug":"ruhaniden-el-esada-kutlama-mesaji","status":"publish","type":"post","link":"https:\/\/archive.sana.sy\/tr\/?p=2627","title":{"rendered":"Ruhani\u2019den el Esad\u2019a Kutlama Mesaj\u0131"},"content":{"rendered":"<div class=\"text-grey11-e\" align=\"left\">\n<p><span style=\"font-size: medium\"><span style=\"color: #800000\">\u015eAM \u2013<\/span> Cumhurba\u015fkan\u0131 el Esad Suriye&#8217;de halk\u0131n yo\u011fun kat\u0131l\u0131m\u0131yla yap\u0131lan cumhurba\u015fkanl\u0131\u011f\u0131 se\u00e7imlerini kazanmas\u0131 m\u00fcnasebetiyle \u0130ran Ba\u015fkan\u0131 Hasan Ruhani\u2019den kutlama mesaj\u0131 ald\u0131.<\/span><\/p>\n<p><span style=\"font-size: medium\">Ruhani mesaj\u0131nda se\u00e7imlerin b\u00fcy\u00fck bir ba\u015far\u0131yla yap\u0131lmas\u0131n\u0131n, siyasi sahada varl\u0131\u011f\u0131n\u0131 peki\u015ftirme ve kendi gelece\u011fini kendi elleriyle yap\u0131land\u0131rmada m\u00fccadeleci Suriye halk\u0131n\u0131n iradesini somutla\u015ft\u0131rd\u0131\u011f\u0131n\u0131 belirtti.<\/span><\/p>\n<p><span style=\"font-size: medium\">Se\u00e7im sonu\u00e7lar\u0131n\u0131n ayn\u0131 zamanda Suriye halk\u0131n\u0131n el Esad\u2019a sevgi ve g\u00fcvenini yans\u0131tt\u0131\u011f\u0131n\u0131n alt\u0131n\u0131 \u00e7izen Ruhani; bunun yan\u0131nda halk\u0131n ulusal uzla\u015fma, uyumluluk, istikrar ve g\u00fcven y\u00f6n\u00fcnde ilerleme azmini ortaya koydu\u011funu vurgulad\u0131.<\/span><\/p>\n<p><span style=\"font-size: medium\">Ruhani mesaj\u0131nda el Esad\u2019a seslenerek; \u201c Suriye bilgeli politikan\u0131zla ulusal birlik, istikrar ve bar\u0131\u015f y\u00f6n\u00fcnde y\u00fcr\u00fcyor ve kendisine dayat\u0131lan bu krizi selametle atlatacakt\u0131r..\u201d<\/span><\/p>\n<p><span style=\"font-size: medium\">Suriye&#8217;nin halk\u0131n daha fazla kat\u0131l\u0131m\u0131 arac\u0131l\u0131\u011f\u0131 ile ulusal uzla\u015fma yolunda ilerleyece\u011fini ifade eden Ruhani; Suriye&#8217;nin y\u00f6netimi ve halk\u0131yla el ele kendi ekonomisini de yap\u0131land\u0131raca\u011f\u0131n\u0131 s\u00f6yledi.<\/span><\/p>\n<p><span style=\"font-size: medium\">Ruhani b\u00fcy\u00fck bir \u00f6nem te\u015fkil eden cumhurba\u015fkanl\u0131\u011f\u0131 se\u00e7imlerinin, halklar\u0131n egemenli\u011fi yolunda vaat edici bir ad\u0131m te\u015fkil etti\u011fine vurgu yaparken, \u201cdost ve karde\u015f Suriye halk\u0131 ve h\u00fck\u00fcmetine daha fazla ilerleme, g\u00fcvenlik ve kalk\u0131nmay\u0131 temenni ediyorum..\u201d dedi.<\/span><\/p>\n<\/div>\n","protected":false},"excerpt":{"rendered":"<p>\u015eAM \u2013 Cumhurba\u015fkan\u0131 el Esad Suriye&#8217;de halk\u0131n yo\u011fun kat\u0131l\u0131m\u0131yla yap\u0131lan cumhurba\u015fkanl\u0131\u011f\u0131 se\u00e7imlerini kazanmas\u0131 m\u00fcnasebetiyle \u0130ran Ba\u015fkan\u0131 Hasan Ruhani\u2019den kutlama mesaj\u0131 ald\u0131. Ruhani mesaj\u0131nda se\u00e7imlerin b\u00fcy\u00fck bir ba\u015far\u0131yla yap\u0131lmas\u0131n\u0131n, siyasi sahada varl\u0131\u011f\u0131n\u0131 peki\u015ftirme ve kendi gelece\u011fini kendi elleriyle yap\u0131land\u0131rmada m\u00fccadeleci Suriye halk\u0131n\u0131n iradesini somutla\u015ft\u0131rd\u0131\u011f\u0131n\u0131 belirtti. Se\u00e7im sonu\u00e7lar\u0131n\u0131n ayn\u0131 zamanda Suriye halk\u0131n\u0131n el Esad\u2019a sevgi ve g\u00fcvenini &hellip;<\/p>\n","protected":false},"author":1,"featured_media":2628,"comment_status":"closed","ping_status":"closed","sticky":false,"template":"","format":"standard","meta":{"footnotes":""},"categories":[458],"tags":[],"class_list":["post-2627","post","type-post","status-publish","format-standard","has-post-thumbnail","","category-dunya1"],"_links":{"self":[{"href":"https:\/\/archive.sana.sy\/tr\/index.php?rest_route=\/wp\/v2\/posts\/2627","targetHints":{"allow":["GET"]}}],"collection":[{"href":"https:\/\/archive.sana.sy\/tr\/index.php?rest_route=\/wp\/v2\/posts"}],"about":[{"href":"https:\/\/archive.sana.sy\/tr\/index.php?rest_route=\/wp\/v2\/types\/post"}],"author":[{"embeddable":true,"href":"https:\/\/archive.sana.sy\/tr\/index.php?rest_route=\/wp\/v2\/users\/1"}],"replies":[{"embeddable":true,"href":"https:\/\/archive.sana.sy\/tr\/index.php?rest_route=%2Fwp%2Fv2%2Fcomments&post=2627"}],"version-history":[{"count":0,"href":"https:\/\/archive.sana.sy\/tr\/index.php?rest_route=\/wp\/v2\/posts\/2627\/revisions"}],"wp:featuredmedia":[{"embeddable":true,"href":"https:\/\/archive.sana.sy\/tr\/index.php?rest_route=\/wp\/v2\/media\/2628"}],"wp:attachment":[{"href":"https:\/\/archive.sana.sy\/tr\/index.php?rest_route=%2Fwp%2Fv2%2Fmedia&parent=2627"}],"wp:term":[{"taxonomy":"category","embeddable":true,"href":"https:\/\/archive.sana.sy\/tr\/index.php?rest_route=%2Fwp%2Fv2%2Fcategories&post=2627"},{"taxonomy":"post_tag","embeddable":true,"href":"https:\/\/archive.sana.sy\/tr\/index.php?rest_route=%2Fwp%2Fv2%2Ftags&post=2627"}],"curies":[{"name":"wp","href":"https:\/\/api.w.org\/{rel}","templated":true}]}}