{"id":262733,"date":"2022-09-18T18:25:29","date_gmt":"2022-09-18T15:25:29","guid":{"rendered":"http:\/\/107.6.182.27\/tr\/?p=262733"},"modified":"2022-09-19T08:20:14","modified_gmt":"2022-09-19T05:20:14","slug":"caferi-crossley-ile-suriyedeki-dunya-gida-programinin-calismalarini-gorusuyor","status":"publish","type":"post","link":"https:\/\/archive.sana.sy\/tr\/?p=262733","title":{"rendered":"Caferi, Crossley ile Suriye&#8217;deki D\u00fcnya G\u0131da Program\u0131n\u0131n \u00c7al\u0131\u015fmalar\u0131n\u0131 G\u00f6r\u00fc\u015f\u00fcyor"},"content":{"rendered":"<p>\u015eAM \u2013 D\u0131\u015fi\u015fleri ve Gurbet\u00e7iler Bakan Yard\u0131mc\u0131s\u0131 Be\u015f\u015far \u00a0Caferi \u00a0bug\u00fcn Suriye&#8217;deki D\u00fcnya G\u0131da Program\u0131&#8217;n\u0131n yeni direkt\u00f6r\u00fc Kenneth Crossley ile ofisin mevcut y\u0131ldaki ba\u015far\u0131lar\u0131n\u0131 ve gelecek y\u0131l i\u00e7in gelecek stratejilerini ve planlar\u0131n\u0131 g\u00f6r\u00fc\u015ft\u00fc.<\/p>\n<p>Caferi, Suriye ile program aras\u0131ndaki olumlu tarihsel ili\u015fkiye dikkat \u00e7ekerek, kendilerine emanet edilen g\u00f6revleri ba\u015far\u0131l\u0131 bir \u015fekilde yerine getirmek i\u00e7in D\u00fcnya G\u0131da Program\u0131 ve di\u011fer kurulu\u015flar\u0131n \u00e7al\u0131\u015fmalar\u0131na tam destek sa\u011flamaya devam etme konusundaki isteklili\u011fin alt\u0131n\u0131 \u00e7izdi.<\/p>\n<p>Caferi ayr\u0131ca, Suriye&#8217;de erken toparlanma a\u015famas\u0131na ge\u00e7i\u015fi ve insani yard\u0131m\u0131n hatlar aras\u0131nda da\u011f\u0131t\u0131m\u0131n\u0131 \u00f6ng\u00f6ren 2642 say\u0131l\u0131 G\u00fcvenlik Konseyi Karar\u0131n\u0131n uygulanmas\u0131 gere\u011fini vurgulayarak, T\u00fcrk rejiminin su meselesini manip\u00fcle etmesinin Suriye&#8217;deki g\u0131da g\u00fcvenli\u011fi ve insan g\u00fcvenli\u011fi \u00fczerindeki olumsuz etkisinin yan\u0131 s\u0131ra, Amerikan i\u015fgali taraf\u0131ndan Suriye servetinin ya\u011fmalanmas\u0131n\u0131n Suriye halk\u0131 ve onlar\u0131n d\u00fczg\u00fcn ge\u00e7im kaynaklar\u0131 \u00fczerindeki etkisine i\u015faret etti.<\/p>\n<p>Crossley ise, program\u0131n Suriye&#8217;deki \u00e7al\u0131\u015fmalar\u0131 i\u00e7in bir sonraki a\u015famadaki vizyonunu sunarak, birka\u00e7 g\u00fcn \u00f6nce ba\u015flat\u0131lan &#8220;Sarmada 7&#8221; konvoyunun hatlar \u00fczerinden insani yard\u0131m\u0131n ta\u015f\u0131nmas\u0131ndaki ve daha sonra yap\u0131lacak olan konvoylar\u0131n ba\u015far\u0131s\u0131ndan bahsetti.<\/p>\n<p>Crossley, Suriye\u2019nin D\u00fcnya G\u0131da Program\u0131&#8217;na sa\u011flad\u0131\u011f\u0131 yak\u0131n i\u015fbirli\u011fini \u00a0de \u00f6vd\u00fc.<\/p>\n<p><a class=\"qi72231t nu7423ey n3hqoq4p r86q59rh b3qcqh3k fq87ekyn bdao358l fsf7x5fv rse6dlih s5oniofx m8h3af8h l7ghb35v kjdc1dyq kmwttqpk srn514ro oxkhqvkx rl78xhln nch0832m cr00lzj9 rn8ck1ys s3jn8y49 icdlwmnq cxfqmxzd d1w2l3lo tes86rjd\" tabindex=\"0\" role=\"link\" href=\"https:\/\/www.facebook.com\/hashtag\/telegram_kanal%C4%B1m%C4%B1z?__eep__=6&amp;__cft__[0]=AZUEjbJsMJQ_ttAavr352n6eXwBazo1jfPGZLFANnx_b2GIA1NmFBINxfDVf7UUHF8dsb_a7QnsveukFyu5ATEgOonB8SZRbX2l9ARSLjmawlwaRfQuoBjbjp_6aSMUvpUo&amp;__tn__=*NK-R\">#Telegram_Kanal\u0131m\u0131z<\/a>:\u00a0<a class=\"qi72231t nu7423ey n3hqoq4p r86q59rh b3qcqh3k fq87ekyn bdao358l fsf7x5fv rse6dlih s5oniofx m8h3af8h l7ghb35v kjdc1dyq kmwttqpk srn514ro oxkhqvkx rl78xhln nch0832m cr00lzj9 rn8ck1ys s3jn8y49 icdlwmnq cxfqmxzd ezidihy3\" tabindex=\"0\" role=\"link\" href=\"https:\/\/l.facebook.com\/l.php?u=https%3A%2F%2Ft.me%2FSuriyeArapHaberAjans%3Ffbclid%3DIwAR0uIjHAs4OC21GDUbPLief36Vpbx3IA5ePltLXVTuGI2UQjXXgqnHVY2wU&amp;h=AT1TCXHv56iH-ww7k_Q-7kuuD-Qtsofr8yzC3yUoU_ozIvTSvKMncZMLUzugmib-keLVdBnN61NEEBdadMHLeI_8Fgn5gb_7qmefLPeV4MmEyJm6aym6cbKgaOPbZlAOjxA&amp;__tn__=-UK-R&amp;c[0]=AT2stWbmbjyWYZc4besUdwBpa9ChoeAQ69X21OmlPxI8BOK9xxNLxGo74caic7BCfW6E0GQRV629iSrb6svzXigoeoXkMrSCtdJK-0KxwY6_Za-daxPfrrHDtElEkNTPB332d0E3b__na2PslAVC0ohaew\" target=\"_blank\" rel=\"nofollow noopener\">https:\/\/t.me\/SuriyeArapHaberAjans<\/a><\/p>\n","protected":false},"excerpt":{"rendered":"<p>\u015eAM \u2013 D\u0131\u015fi\u015fleri ve Gurbet\u00e7iler Bakan Yard\u0131mc\u0131s\u0131 Be\u015f\u015far \u00a0Caferi \u00a0bug\u00fcn Suriye&#8217;deki D\u00fcnya G\u0131da Program\u0131&#8217;n\u0131n yeni direkt\u00f6r\u00fc Kenneth Crossley ile ofisin mevcut y\u0131ldaki ba\u015far\u0131lar\u0131n\u0131 ve gelecek y\u0131l i\u00e7in gelecek stratejilerini ve planlar\u0131n\u0131 g\u00f6r\u00fc\u015ft\u00fc. Caferi, Suriye ile program aras\u0131ndaki olumlu tarihsel ili\u015fkiye dikkat \u00e7ekerek, kendilerine emanet edilen g\u00f6revleri ba\u015far\u0131l\u0131 bir \u015fekilde yerine getirmek i\u00e7in D\u00fcnya G\u0131da Program\u0131 &hellip;<\/p>\n","protected":false},"author":41,"featured_media":262738,"comment_status":"closed","ping_status":"closed","sticky":false,"template":"","format":"standard","meta":{"footnotes":""},"categories":[479,17988,478],"tags":[],"class_list":["post-262733","post","type-post","status-publish","format-standard","has-post-thumbnail","","category-haberler-yerel","category-son-haberler","category-yerel"],"_links":{"self":[{"href":"https:\/\/archive.sana.sy\/tr\/index.php?rest_route=\/wp\/v2\/posts\/262733","targetHints":{"allow":["GET"]}}],"collection":[{"href":"https:\/\/archive.sana.sy\/tr\/index.php?rest_route=\/wp\/v2\/posts"}],"about":[{"href":"https:\/\/archive.sana.sy\/tr\/index.php?rest_route=\/wp\/v2\/types\/post"}],"author":[{"embeddable":true,"href":"https:\/\/archive.sana.sy\/tr\/index.php?rest_route=\/wp\/v2\/users\/41"}],"replies":[{"embeddable":true,"href":"https:\/\/archive.sana.sy\/tr\/index.php?rest_route=%2Fwp%2Fv2%2Fcomments&post=262733"}],"version-history":[{"count":0,"href":"https:\/\/archive.sana.sy\/tr\/index.php?rest_route=\/wp\/v2\/posts\/262733\/revisions"}],"wp:featuredmedia":[{"embeddable":true,"href":"https:\/\/archive.sana.sy\/tr\/index.php?rest_route=\/wp\/v2\/media\/262738"}],"wp:attachment":[{"href":"https:\/\/archive.sana.sy\/tr\/index.php?rest_route=%2Fwp%2Fv2%2Fmedia&parent=262733"}],"wp:term":[{"taxonomy":"category","embeddable":true,"href":"https:\/\/archive.sana.sy\/tr\/index.php?rest_route=%2Fwp%2Fv2%2Fcategories&post=262733"},{"taxonomy":"post_tag","embeddable":true,"href":"https:\/\/archive.sana.sy\/tr\/index.php?rest_route=%2Fwp%2Fv2%2Ftags&post=262733"}],"curies":[{"name":"wp","href":"https:\/\/api.w.org\/{rel}","templated":true}]}}