{"id":262734,"date":"2022-09-18T15:19:54","date_gmt":"2022-09-18T12:19:54","guid":{"rendered":"http:\/\/107.6.182.27\/tr\/?p=262734"},"modified":"2022-09-19T10:18:11","modified_gmt":"2022-09-19T07:18:11","slug":"isgalci-turk-gucleri-kamisli-cevresine-topcu-atesiyle-saldirdi","status":"publish","type":"post","link":"https:\/\/archive.sana.sy\/tr\/?p=262734","title":{"rendered":"\u0130\u015fgalci T\u00fcrk G\u00fc\u00e7leri \u00a0Kam\u0131\u015fl\u0131 \u00c7evresine Top\u00e7u Ate\u015fiyle Sald\u0131rd\u0131"},"content":{"rendered":"<p>HASEKE &#8211; \u0130\u015fgalci T\u00fcrk G\u00fc\u00e7leri, Haseke k\u0131rsal\u0131na ba\u011fl\u0131 Kam\u0131\u015fl\u0131 b\u00f6lgesindeki k\u00f6ylere sald\u0131rarak maddi hasara yol a\u00e7t\u0131.<\/p>\n<p>Yerel kaynaklar SANA muhabirine verdi\u011fi deme\u00e7te, \u0130\u015fgalci T\u00fcrk G\u00fc\u00e7leri taraf\u0131ndan Kam\u0131\u015fl\u0131 \u015fehrinin bat\u0131s\u0131ndaki Nakkara k\u00f6y\u00fc ile do\u011fusundaki Kara Hassan k\u00f6y\u00fcn\u00fc hedef alan yo\u011fun top\u00e7u at\u0131\u015flar\u0131n\u0131n d\u00fczenlendi\u011fini belirtti.<\/p>\n<p>Kaynaklar, \u0130\u015fgalci T\u00fcrkiye g\u00fc\u00e7lerinin Kam\u0131\u015fl\u0131&#8217;n\u0131n do\u011fu k\u0131rsal\u0131ndaki El Kahtaniye kasabas\u0131n\u0131n kuzeyinde, Kardim Halime k\u00f6y\u00fc de dahil olmak \u00fczere bir\u00e7ok k\u00f6ye de sald\u0131rd\u0131\u011f\u0131n\u0131 ve hasar\u0131n malzemeyle s\u0131n\u0131rl\u0131 oldu\u011funu ekledi.<\/p>\n<p><a class=\"qi72231t nu7423ey n3hqoq4p r86q59rh b3qcqh3k fq87ekyn bdao358l fsf7x5fv rse6dlih s5oniofx m8h3af8h l7ghb35v kjdc1dyq kmwttqpk srn514ro oxkhqvkx rl78xhln nch0832m cr00lzj9 rn8ck1ys s3jn8y49 icdlwmnq cxfqmxzd d1w2l3lo tes86rjd\" tabindex=\"0\" role=\"link\" href=\"https:\/\/www.facebook.com\/hashtag\/telegram_kanal%C4%B1m%C4%B1z?__eep__=6&amp;__cft__[0]=AZUEjbJsMJQ_ttAavr352n6eXwBazo1jfPGZLFANnx_b2GIA1NmFBINxfDVf7UUHF8dsb_a7QnsveukFyu5ATEgOonB8SZRbX2l9ARSLjmawlwaRfQuoBjbjp_6aSMUvpUo&amp;__tn__=*NK-R\">#Telegram_Kanal\u0131m\u0131z<\/a>:\u00a0<a class=\"qi72231t nu7423ey n3hqoq4p r86q59rh b3qcqh3k fq87ekyn bdao358l fsf7x5fv rse6dlih s5oniofx m8h3af8h l7ghb35v kjdc1dyq kmwttqpk srn514ro oxkhqvkx rl78xhln nch0832m cr00lzj9 rn8ck1ys s3jn8y49 icdlwmnq cxfqmxzd ezidihy3\" tabindex=\"0\" role=\"link\" href=\"https:\/\/l.facebook.com\/l.php?u=https%3A%2F%2Ft.me%2FSuriyeArapHaberAjans%3Ffbclid%3DIwAR0uIjHAs4OC21GDUbPLief36Vpbx3IA5ePltLXVTuGI2UQjXXgqnHVY2wU&amp;h=AT1TCXHv56iH-ww7k_Q-7kuuD-Qtsofr8yzC3yUoU_ozIvTSvKMncZMLUzugmib-keLVdBnN61NEEBdadMHLeI_8Fgn5gb_7qmefLPeV4MmEyJm6aym6cbKgaOPbZlAOjxA&amp;__tn__=-UK-R&amp;c[0]=AT2stWbmbjyWYZc4besUdwBpa9ChoeAQ69X21OmlPxI8BOK9xxNLxGo74caic7BCfW6E0GQRV629iSrb6svzXigoeoXkMrSCtdJK-0KxwY6_Za-daxPfrrHDtElEkNTPB332d0E3b__na2PslAVC0ohaew\" target=\"_blank\" rel=\"nofollow noopener\">https:\/\/t.me\/SuriyeArapHaberAjans<\/a><\/p>\n","protected":false},"excerpt":{"rendered":"<p>HASEKE &#8211; \u0130\u015fgalci T\u00fcrk G\u00fc\u00e7leri, Haseke k\u0131rsal\u0131na ba\u011fl\u0131 Kam\u0131\u015fl\u0131 b\u00f6lgesindeki k\u00f6ylere sald\u0131rarak maddi hasara yol a\u00e7t\u0131. Yerel kaynaklar SANA muhabirine verdi\u011fi deme\u00e7te, \u0130\u015fgalci T\u00fcrk G\u00fc\u00e7leri taraf\u0131ndan Kam\u0131\u015fl\u0131 \u015fehrinin bat\u0131s\u0131ndaki Nakkara k\u00f6y\u00fc ile do\u011fusundaki Kara Hassan k\u00f6y\u00fcn\u00fc hedef alan yo\u011fun top\u00e7u at\u0131\u015flar\u0131n\u0131n d\u00fczenlendi\u011fini belirtti. Kaynaklar, \u0130\u015fgalci T\u00fcrkiye g\u00fc\u00e7lerinin Kam\u0131\u015fl\u0131&#8217;n\u0131n do\u011fu k\u0131rsal\u0131ndaki El Kahtaniye kasabas\u0131n\u0131n kuzeyinde, Kardim &hellip;<\/p>\n","protected":false},"author":41,"featured_media":262735,"comment_status":"closed","ping_status":"closed","sticky":false,"template":"","format":"standard","meta":{"footnotes":""},"categories":[479,575,17988,2555,478],"tags":[],"class_list":["post-262734","post","type-post","status-publish","format-standard","has-post-thumbnail","","category-haberler-yerel","category-olaylar-ve-gercekler","category-son-haberler","category-suriye-ve-turkiye","category-yerel"],"_links":{"self":[{"href":"https:\/\/archive.sana.sy\/tr\/index.php?rest_route=\/wp\/v2\/posts\/262734","targetHints":{"allow":["GET"]}}],"collection":[{"href":"https:\/\/archive.sana.sy\/tr\/index.php?rest_route=\/wp\/v2\/posts"}],"about":[{"href":"https:\/\/archive.sana.sy\/tr\/index.php?rest_route=\/wp\/v2\/types\/post"}],"author":[{"embeddable":true,"href":"https:\/\/archive.sana.sy\/tr\/index.php?rest_route=\/wp\/v2\/users\/41"}],"replies":[{"embeddable":true,"href":"https:\/\/archive.sana.sy\/tr\/index.php?rest_route=%2Fwp%2Fv2%2Fcomments&post=262734"}],"version-history":[{"count":0,"href":"https:\/\/archive.sana.sy\/tr\/index.php?rest_route=\/wp\/v2\/posts\/262734\/revisions"}],"wp:featuredmedia":[{"embeddable":true,"href":"https:\/\/archive.sana.sy\/tr\/index.php?rest_route=\/wp\/v2\/media\/262735"}],"wp:attachment":[{"href":"https:\/\/archive.sana.sy\/tr\/index.php?rest_route=%2Fwp%2Fv2%2Fmedia&parent=262734"}],"wp:term":[{"taxonomy":"category","embeddable":true,"href":"https:\/\/archive.sana.sy\/tr\/index.php?rest_route=%2Fwp%2Fv2%2Fcategories&post=262734"},{"taxonomy":"post_tag","embeddable":true,"href":"https:\/\/archive.sana.sy\/tr\/index.php?rest_route=%2Fwp%2Fv2%2Ftags&post=262734"}],"curies":[{"name":"wp","href":"https:\/\/api.w.org\/{rel}","templated":true}]}}