{"id":262740,"date":"2022-09-18T19:12:47","date_gmt":"2022-09-18T16:12:47","guid":{"rendered":"http:\/\/107.6.182.27\/tr\/?p=262740"},"modified":"2022-09-19T08:20:27","modified_gmt":"2022-09-19T05:20:27","slug":"sana-akdeniz-havzasi-haber-ajanslari-birligi-yarismasinda-kazaniyor","status":"publish","type":"post","link":"https:\/\/archive.sana.sy\/tr\/?p=262740","title":{"rendered":"SANA, Akdeniz Havzas\u0131 Haber Ajanslar\u0131 Birli\u011fi Yar\u0131\u015fmas\u0131nda Kazan\u0131yor"},"content":{"rendered":"<p>\u015eAM &#8211; Suriye Arap Haber Ajans\u0131 (SANA), Akdeniz \u00a0Havzas\u0131 Haber Ajanslar\u0131 Birli\u011fi&#8217;nin (Aman) 2021-2022 d\u00f6nemi i\u00e7in en iyi haber ve en iyi g\u00f6r\u00fcnt\u00fc yar\u0131\u015fmas\u0131n\u0131 kazand\u0131.<\/p>\n<p>Federasyon Y\u00f6netim Kurulu, 2021-2022 d\u00f6nemi i\u00e7in en iyi haber yar\u0131\u015fmas\u0131n\u0131n kazanan\u0131n\u0131n Suriye Arap Haber Ajans\u0131&#8217;ndan gazeteci \u00a0Muhammed \u0130mad El Da\u011fli\u2019nin kaleme ald\u0131\u011f\u0131 \u201cD\u00fcnyada m\u00fch\u00fcrleri ilk icat edenler Suriyelilerdir\u201d ba\u015fl\u0131kl\u0131 yaz\u0131s\u0131 oldu\u011funu online toplant\u0131s\u0131nda a\u00e7\u0131klad\u0131.<\/p>\n<p>SANA Ajans, 2015 y\u0131l\u0131nda birincilik kazanmas\u0131yla ikinci kez en iyi haber \u00f6d\u00fcl\u00fcn\u00fc kazanm\u0131\u015ft\u0131r.<\/p>\n<p><a class=\"qi72231t nu7423ey n3hqoq4p r86q59rh b3qcqh3k fq87ekyn bdao358l fsf7x5fv rse6dlih s5oniofx m8h3af8h l7ghb35v kjdc1dyq kmwttqpk srn514ro oxkhqvkx rl78xhln nch0832m cr00lzj9 rn8ck1ys s3jn8y49 icdlwmnq cxfqmxzd d1w2l3lo tes86rjd\" tabindex=\"0\" role=\"link\" href=\"https:\/\/www.facebook.com\/hashtag\/telegram_kanal%C4%B1m%C4%B1z?__eep__=6&amp;__cft__[0]=AZUEjbJsMJQ_ttAavr352n6eXwBazo1jfPGZLFANnx_b2GIA1NmFBINxfDVf7UUHF8dsb_a7QnsveukFyu5ATEgOonB8SZRbX2l9ARSLjmawlwaRfQuoBjbjp_6aSMUvpUo&amp;__tn__=*NK-R\">#Telegram_Kanal\u0131m\u0131z<\/a>:\u00a0<a class=\"qi72231t nu7423ey n3hqoq4p r86q59rh b3qcqh3k fq87ekyn bdao358l fsf7x5fv rse6dlih s5oniofx m8h3af8h l7ghb35v kjdc1dyq kmwttqpk srn514ro oxkhqvkx rl78xhln nch0832m cr00lzj9 rn8ck1ys s3jn8y49 icdlwmnq cxfqmxzd ezidihy3\" tabindex=\"0\" role=\"link\" href=\"https:\/\/l.facebook.com\/l.php?u=https%3A%2F%2Ft.me%2FSuriyeArapHaberAjans%3Ffbclid%3DIwAR0uIjHAs4OC21GDUbPLief36Vpbx3IA5ePltLXVTuGI2UQjXXgqnHVY2wU&amp;h=AT1TCXHv56iH-ww7k_Q-7kuuD-Qtsofr8yzC3yUoU_ozIvTSvKMncZMLUzugmib-keLVdBnN61NEEBdadMHLeI_8Fgn5gb_7qmefLPeV4MmEyJm6aym6cbKgaOPbZlAOjxA&amp;__tn__=-UK-R&amp;c[0]=AT2stWbmbjyWYZc4besUdwBpa9ChoeAQ69X21OmlPxI8BOK9xxNLxGo74caic7BCfW6E0GQRV629iSrb6svzXigoeoXkMrSCtdJK-0KxwY6_Za-daxPfrrHDtElEkNTPB332d0E3b__na2PslAVC0ohaew\" target=\"_blank\" rel=\"nofollow noopener\">https:\/\/t.me\/SuriyeArapHaberAjans<\/a><\/p>\n","protected":false},"excerpt":{"rendered":"<p>\u015eAM &#8211; Suriye Arap Haber Ajans\u0131 (SANA), Akdeniz \u00a0Havzas\u0131 Haber Ajanslar\u0131 Birli\u011fi&#8217;nin (Aman) 2021-2022 d\u00f6nemi i\u00e7in en iyi haber ve en iyi g\u00f6r\u00fcnt\u00fc yar\u0131\u015fmas\u0131n\u0131 kazand\u0131. Federasyon Y\u00f6netim Kurulu, 2021-2022 d\u00f6nemi i\u00e7in en iyi haber yar\u0131\u015fmas\u0131n\u0131n kazanan\u0131n\u0131n Suriye Arap Haber Ajans\u0131&#8217;ndan gazeteci \u00a0Muhammed \u0130mad El Da\u011fli\u2019nin kaleme ald\u0131\u011f\u0131 \u201cD\u00fcnyada m\u00fch\u00fcrleri ilk icat edenler Suriyelilerdir\u201d ba\u015fl\u0131kl\u0131 yaz\u0131s\u0131 &hellip;<\/p>\n","protected":false},"author":41,"featured_media":262741,"comment_status":"closed","ping_status":"closed","sticky":false,"template":"","format":"standard","meta":{"footnotes":""},"categories":[479,17988,478],"tags":[],"class_list":["post-262740","post","type-post","status-publish","format-standard","has-post-thumbnail","","category-haberler-yerel","category-son-haberler","category-yerel"],"_links":{"self":[{"href":"https:\/\/archive.sana.sy\/tr\/index.php?rest_route=\/wp\/v2\/posts\/262740","targetHints":{"allow":["GET"]}}],"collection":[{"href":"https:\/\/archive.sana.sy\/tr\/index.php?rest_route=\/wp\/v2\/posts"}],"about":[{"href":"https:\/\/archive.sana.sy\/tr\/index.php?rest_route=\/wp\/v2\/types\/post"}],"author":[{"embeddable":true,"href":"https:\/\/archive.sana.sy\/tr\/index.php?rest_route=\/wp\/v2\/users\/41"}],"replies":[{"embeddable":true,"href":"https:\/\/archive.sana.sy\/tr\/index.php?rest_route=%2Fwp%2Fv2%2Fcomments&post=262740"}],"version-history":[{"count":0,"href":"https:\/\/archive.sana.sy\/tr\/index.php?rest_route=\/wp\/v2\/posts\/262740\/revisions"}],"wp:featuredmedia":[{"embeddable":true,"href":"https:\/\/archive.sana.sy\/tr\/index.php?rest_route=\/wp\/v2\/media\/262741"}],"wp:attachment":[{"href":"https:\/\/archive.sana.sy\/tr\/index.php?rest_route=%2Fwp%2Fv2%2Fmedia&parent=262740"}],"wp:term":[{"taxonomy":"category","embeddable":true,"href":"https:\/\/archive.sana.sy\/tr\/index.php?rest_route=%2Fwp%2Fv2%2Fcategories&post=262740"},{"taxonomy":"post_tag","embeddable":true,"href":"https:\/\/archive.sana.sy\/tr\/index.php?rest_route=%2Fwp%2Fv2%2Ftags&post=262740"}],"curies":[{"name":"wp","href":"https:\/\/api.w.org\/{rel}","templated":true}]}}