{"id":262750,"date":"2022-09-18T10:11:54","date_gmt":"2022-09-18T07:11:54","guid":{"rendered":"http:\/\/107.6.182.27\/tr\/?p=262750"},"modified":"2022-09-20T08:01:05","modified_gmt":"2022-09-20T05:01:05","slug":"rusya-savunmasi-idlibde-45-nusraci-terorist-ortadan-kaldirildi","status":"publish","type":"post","link":"https:\/\/archive.sana.sy\/tr\/?p=262750","title":{"rendered":"Rusya Savunmas\u0131: \u0130dlib&#8217;de 45 Nusrac\u0131 Ter\u00f6rist Ortadan Kald\u0131r\u0131ld\u0131"},"content":{"rendered":"<p>MOSKOVA &#8211; Hmeymim \u00fcss\u00fcndeki Rus Koordinasyon Merkezi ba\u015fkan yard\u0131mc\u0131s\u0131 Oleg Eygorov<br \/>\nyapt\u0131\u011f\u0131 a\u00e7\u0131klamada, Rus Hava Kuvvetlerinin, \u0130dlib ilinde ter\u00f6rist &#8220;Nusra Cephesi&#8221; \u00f6rg\u00fct\u00fcn\u00fcn\u00a0 karargah\u0131n\u0131 bombalad\u0131\u011f\u0131n\u0131, bunun sonucundan saha liderlerinin de aralar\u0131nda bulundu\u011fu 45 ter\u00f6ristin \u00f6ld\u00fcr\u00fcld\u00fc\u011f\u00fcn\u00fc ilan etti.<\/p>\n<p>Eygorov yapt\u0131\u011f\u0131 bas\u0131n a\u00e7\u0131klamas\u0131nda \u015funlar\u0131 s\u00f6yledi: \u201cBu ay\u0131n on yedisinde Rus Hava Kuvvetleri, \u0130dlib vilayetindeki \u015eeyh Yusuf k\u00f6y\u00fc yak\u0131nlar\u0131nda ter\u00f6rist &#8220;Nusra Cephesi&#8221; \u00f6rg\u00fct\u00fcn\u00fcn bir \u00fcss\u00fcne hava sald\u0131r\u0131s\u0131 d\u00fczenledi, liderleri Bilal Saeed ve Ebu Ducane El Deyri\u00a0 de dahil olmak \u00fczere 45 ter\u00f6ristin ortadan kald\u0131r\u0131lmas\u0131 yan\u0131 s\u0131ra bir dizi silah deposunun imha etti.<\/p>\n<p><a class=\"qi72231t nu7423ey n3hqoq4p r86q59rh b3qcqh3k fq87ekyn bdao358l fsf7x5fv rse6dlih s5oniofx m8h3af8h l7ghb35v kjdc1dyq kmwttqpk srn514ro oxkhqvkx rl78xhln nch0832m cr00lzj9 rn8ck1ys s3jn8y49 icdlwmnq cxfqmxzd d1w2l3lo tes86rjd\" tabindex=\"0\" role=\"link\" href=\"https:\/\/www.facebook.com\/hashtag\/telegram_kanal%C4%B1m%C4%B1z?__eep__=6&amp;__cft__[0]=AZVnqJYp1Pt-dxMRsJlGGBXZaO3yc0dgB3oMxceWGKwzTVjxkwzSgQSTJ9pooMC6QXQ2N7fzd4FaYOFfJomJHgHn9Ixjd-hrPVk6HiY6OZRqAdzklMNJskDch80d_A7Gch71u8Gnr8eJNRg2kkVVjIP1&amp;__tn__=*NK-R\">#Telegram_Kanal\u0131m\u0131z<\/a>: <a class=\"qi72231t nu7423ey n3hqoq4p r86q59rh b3qcqh3k fq87ekyn bdao358l fsf7x5fv rse6dlih s5oniofx m8h3af8h l7ghb35v kjdc1dyq kmwttqpk srn514ro oxkhqvkx rl78xhln nch0832m cr00lzj9 rn8ck1ys s3jn8y49 icdlwmnq cxfqmxzd ezidihy3\" tabindex=\"0\" role=\"link\" href=\"https:\/\/t.me\/SuriyeArapHaberAjans?fbclid=IwAR1V0zT-vXYK_fuFi9qfTurgfATMgBiYr3kgvsU04wK0QZaNSJ0eMouoTh8\" target=\"_blank\" rel=\"nofollow noopener\">https:\/\/t.me\/SuriyeArapHaberAjans<\/a><\/p>\n","protected":false},"excerpt":{"rendered":"<p>MOSKOVA &#8211; Hmeymim \u00fcss\u00fcndeki Rus Koordinasyon Merkezi ba\u015fkan yard\u0131mc\u0131s\u0131 Oleg Eygorov yapt\u0131\u011f\u0131 a\u00e7\u0131klamada, Rus Hava Kuvvetlerinin, \u0130dlib ilinde ter\u00f6rist &#8220;Nusra Cephesi&#8221; \u00f6rg\u00fct\u00fcn\u00fcn\u00a0 karargah\u0131n\u0131 bombalad\u0131\u011f\u0131n\u0131, bunun sonucundan saha liderlerinin de aralar\u0131nda bulundu\u011fu 45 ter\u00f6ristin \u00f6ld\u00fcr\u00fcld\u00fc\u011f\u00fcn\u00fc ilan etti. Eygorov yapt\u0131\u011f\u0131 bas\u0131n a\u00e7\u0131klamas\u0131nda \u015funlar\u0131 s\u00f6yledi: \u201cBu ay\u0131n on yedisinde Rus Hava Kuvvetleri, \u0130dlib vilayetindeki \u015eeyh Yusuf k\u00f6y\u00fc yak\u0131nlar\u0131nda &hellip;<\/p>\n","protected":false},"author":39,"featured_media":262751,"comment_status":"closed","ping_status":"closed","sticky":false,"template":"","format":"standard","meta":{"footnotes":""},"categories":[458,459,575,17988],"tags":[],"class_list":["post-262750","post","type-post","status-publish","format-standard","has-post-thumbnail","","category-dunya1","category-haberler-arap-uluslararasi-politika","category-olaylar-ve-gercekler","category-son-haberler"],"_links":{"self":[{"href":"https:\/\/archive.sana.sy\/tr\/index.php?rest_route=\/wp\/v2\/posts\/262750","targetHints":{"allow":["GET"]}}],"collection":[{"href":"https:\/\/archive.sana.sy\/tr\/index.php?rest_route=\/wp\/v2\/posts"}],"about":[{"href":"https:\/\/archive.sana.sy\/tr\/index.php?rest_route=\/wp\/v2\/types\/post"}],"author":[{"embeddable":true,"href":"https:\/\/archive.sana.sy\/tr\/index.php?rest_route=\/wp\/v2\/users\/39"}],"replies":[{"embeddable":true,"href":"https:\/\/archive.sana.sy\/tr\/index.php?rest_route=%2Fwp%2Fv2%2Fcomments&post=262750"}],"version-history":[{"count":0,"href":"https:\/\/archive.sana.sy\/tr\/index.php?rest_route=\/wp\/v2\/posts\/262750\/revisions"}],"wp:featuredmedia":[{"embeddable":true,"href":"https:\/\/archive.sana.sy\/tr\/index.php?rest_route=\/wp\/v2\/media\/262751"}],"wp:attachment":[{"href":"https:\/\/archive.sana.sy\/tr\/index.php?rest_route=%2Fwp%2Fv2%2Fmedia&parent=262750"}],"wp:term":[{"taxonomy":"category","embeddable":true,"href":"https:\/\/archive.sana.sy\/tr\/index.php?rest_route=%2Fwp%2Fv2%2Fcategories&post=262750"},{"taxonomy":"post_tag","embeddable":true,"href":"https:\/\/archive.sana.sy\/tr\/index.php?rest_route=%2Fwp%2Fv2%2Ftags&post=262750"}],"curies":[{"name":"wp","href":"https:\/\/api.w.org\/{rel}","templated":true}]}}