{"id":262753,"date":"2022-09-19T09:00:12","date_gmt":"2022-09-19T06:00:12","guid":{"rendered":"http:\/\/107.6.182.27\/tr\/?p=262753"},"modified":"2022-09-20T08:02:59","modified_gmt":"2022-09-20T05:02:59","slug":"israil-isgal-gucleri-bati-yakada-5-filistinliyi-tutukladi-11","status":"publish","type":"post","link":"https:\/\/archive.sana.sy\/tr\/?p=262753","title":{"rendered":"\u0130srail \u0130\u015fgal G\u00fc\u00e7leri, Bat\u0131 Yaka&#8217;da 5 Filistinliyi Tutuklad\u0131"},"content":{"rendered":"<p>\u0130\u015eGAL ED\u0130LEN KUD\u00dcS \u2013 \u0130srail i\u015fgal g\u00fc\u00e7leri, Bat\u0131 Yaka&#8217;n\u0131n farkl\u0131 b\u00f6lgelerinde 5 Filistinliyi tutuklad\u0131.<\/p>\n<p>Filistinli MAAN Haber Ajans\u0131, \u0130srail i\u015fgal g\u00fc\u00e7lerinin, El Halil kenti ve Nablus&#8217;un g\u00fcneyindeki Telfit beldesini bast\u0131\u011f\u0131n\u0131 ve 5 Filistinliyi tutuklad\u0131\u011f\u0131n\u0131 belirtti.<\/p>\n<p><a class=\"qi72231t nu7423ey n3hqoq4p r86q59rh b3qcqh3k fq87ekyn bdao358l fsf7x5fv rse6dlih s5oniofx m8h3af8h l7ghb35v kjdc1dyq kmwttqpk srn514ro oxkhqvkx rl78xhln nch0832m cr00lzj9 rn8ck1ys s3jn8y49 icdlwmnq cxfqmxzd d1w2l3lo tes86rjd\" tabindex=\"0\" role=\"link\" href=\"https:\/\/www.facebook.com\/hashtag\/telegram_kanal%C4%B1m%C4%B1z?__eep__=6&amp;__cft__[0]=AZVnqJYp1Pt-dxMRsJlGGBXZaO3yc0dgB3oMxceWGKwzTVjxkwzSgQSTJ9pooMC6QXQ2N7fzd4FaYOFfJomJHgHn9Ixjd-hrPVk6HiY6OZRqAdzklMNJskDch80d_A7Gch71u8Gnr8eJNRg2kkVVjIP1&amp;__tn__=*NK-R\">#Telegram_Kanal\u0131m\u0131z<\/a>: <a class=\"qi72231t nu7423ey n3hqoq4p r86q59rh b3qcqh3k fq87ekyn bdao358l fsf7x5fv rse6dlih s5oniofx m8h3af8h l7ghb35v kjdc1dyq kmwttqpk srn514ro oxkhqvkx rl78xhln nch0832m cr00lzj9 rn8ck1ys s3jn8y49 icdlwmnq cxfqmxzd ezidihy3\" tabindex=\"0\" role=\"link\" href=\"https:\/\/l.facebook.com\/l.php?u=https%3A%2F%2Ft.me%2FSuriyeArapHaberAjans%3Ffbclid%3DIwAR1V0zT-vXYK_fuFi9qfTurgfATMgBiYr3kgvsU04wK0QZaNSJ0eMouoTh8&amp;h=AT0BKpa7kISfkyuOftW4tiPAxKX7n5oiMulko_DdR4hQgkK_XRXEFTN9qLpJ3fynegFnT3_gG0qKQPMaDVsPMY_ihuPGDMVbuYncILaCTiCPddMQFG0a5X9amvkXafzymIk&amp;__tn__=-UK-R&amp;c[0]=AT3RFHjwYjFfZJI7SVchl5nLUgxH3i8cmfxEkhFpF6VqJBn6m_2Nt6qlO12cZRNkAB1HHH5DjJ-wceGke-5jN6WEohUC6ru6WSPCza5rAZNANHWgCK3_8pNAYPp_1vpRgq804CjoaAUgWfugZPgTnUI9i6yEmoXdbph9NmboMwcnpw\" target=\"_blank\" rel=\"nofollow noopener\">https:\/\/t.me\/SuriyeArapHaberAjans<\/a><\/p>\n","protected":false},"excerpt":{"rendered":"<p>\u0130\u015eGAL ED\u0130LEN KUD\u00dcS \u2013 \u0130srail i\u015fgal g\u00fc\u00e7leri, Bat\u0131 Yaka&#8217;n\u0131n farkl\u0131 b\u00f6lgelerinde 5 Filistinliyi tutuklad\u0131. Filistinli MAAN Haber Ajans\u0131, \u0130srail i\u015fgal g\u00fc\u00e7lerinin, El Halil kenti ve Nablus&#8217;un g\u00fcneyindeki Telfit beldesini bast\u0131\u011f\u0131n\u0131 ve 5 Filistinliyi tutuklad\u0131\u011f\u0131n\u0131 belirtti. #Telegram_Kanal\u0131m\u0131z: https:\/\/t.me\/SuriyeArapHaberAjans<\/p>\n","protected":false},"author":39,"featured_media":262754,"comment_status":"closed","ping_status":"closed","sticky":false,"template":"","format":"standard","meta":{"footnotes":""},"categories":[458,459,17988],"tags":[],"class_list":["post-262753","post","type-post","status-publish","format-standard","has-post-thumbnail","","category-dunya1","category-haberler-arap-uluslararasi-politika","category-son-haberler"],"_links":{"self":[{"href":"https:\/\/archive.sana.sy\/tr\/index.php?rest_route=\/wp\/v2\/posts\/262753","targetHints":{"allow":["GET"]}}],"collection":[{"href":"https:\/\/archive.sana.sy\/tr\/index.php?rest_route=\/wp\/v2\/posts"}],"about":[{"href":"https:\/\/archive.sana.sy\/tr\/index.php?rest_route=\/wp\/v2\/types\/post"}],"author":[{"embeddable":true,"href":"https:\/\/archive.sana.sy\/tr\/index.php?rest_route=\/wp\/v2\/users\/39"}],"replies":[{"embeddable":true,"href":"https:\/\/archive.sana.sy\/tr\/index.php?rest_route=%2Fwp%2Fv2%2Fcomments&post=262753"}],"version-history":[{"count":0,"href":"https:\/\/archive.sana.sy\/tr\/index.php?rest_route=\/wp\/v2\/posts\/262753\/revisions"}],"wp:featuredmedia":[{"embeddable":true,"href":"https:\/\/archive.sana.sy\/tr\/index.php?rest_route=\/wp\/v2\/media\/262754"}],"wp:attachment":[{"href":"https:\/\/archive.sana.sy\/tr\/index.php?rest_route=%2Fwp%2Fv2%2Fmedia&parent=262753"}],"wp:term":[{"taxonomy":"category","embeddable":true,"href":"https:\/\/archive.sana.sy\/tr\/index.php?rest_route=%2Fwp%2Fv2%2Fcategories&post=262753"},{"taxonomy":"post_tag","embeddable":true,"href":"https:\/\/archive.sana.sy\/tr\/index.php?rest_route=%2Fwp%2Fv2%2Ftags&post=262753"}],"curies":[{"name":"wp","href":"https:\/\/api.w.org\/{rel}","templated":true}]}}