{"id":262782,"date":"2022-09-18T22:57:00","date_gmt":"2022-09-18T19:57:00","guid":{"rendered":"http:\/\/107.6.182.27\/tr\/?p=262782"},"modified":"2022-09-20T08:01:43","modified_gmt":"2022-09-20T05:01:43","slug":"suriyenin-katilimiyla-yogun-toplantilardan-sonra-egitim-donusumu-zirvesinde-genclik-beyani","status":"publish","type":"post","link":"https:\/\/archive.sana.sy\/tr\/?p=262782","title":{"rendered":"Suriyenin kat\u0131l\u0131m\u0131yla Yo\u011fun Toplant\u0131lardan Sonra E\u011fitim D\u00f6n\u00fc\u015f\u00fcm\u00fc Zirvesinde Gen\u00e7lik Beyan\u0131"},"content":{"rendered":"<p>NEW YORK &#8211; Suriye&#8217;nin kat\u0131l\u0131m\u0131yla, Zirveye kat\u0131lan Suriye heyetinin \u00c7\u00f6z\u00fcm G\u00fcn\u00fc oturumlar\u0131n\u0131 ve tart\u0131\u015fmalar\u0131n\u0131 takip etti\u011fi Birle\u015fmi\u015f Milletler 77. Genel Kurulu&#8217;nun oturum aralar\u0131nda New York&#8217;ta E\u011fitimde D\u00f6n\u00fc\u015f\u00fcm Zirvesi oturumlar\u0131 devam ediyor.<\/p>\n<p><img loading=\"lazy\" decoding=\"async\" class=\"size-full wp-image-262784 alignright\" src=\"http:\/\/107.6.182.27\/tr\/wp-content\/uploads\/2022\/09\/305801874_1345537952520385_5393309391973303956_n-300x210-1.jpg\" alt=\"\" width=\"300\" height=\"210\" srcset=\"https:\/\/archive.sana.sy\/tr\/wp-content\/uploads\/2022\/09\/305801874_1345537952520385_5393309391973303956_n-300x210-1.jpg 300w, https:\/\/archive.sana.sy\/tr\/wp-content\/uploads\/2022\/09\/305801874_1345537952520385_5393309391973303956_n-300x210-1-150x105.jpg 150w\" sizes=\"auto, (max-width: 300px) 100vw, 300px\" \/>\u00dc\u00e7\u00fcnc\u00fc g\u00fcn\u00fcn \u00e7al\u0131\u015fmas\u0131, (etkili e\u011fitim sistemleri, a\u00e7\u0131k dijital i\u00e7erik i\u00e7in \u00e7\u00f6z\u00fcmler ve temel e\u011fitimin geli\u015ftirilmesi, s\u00fcrd\u00fcr\u00fclebilir finansman i\u00e7in temellerin at\u0131lmas\u0131, acil durum ve uzun s\u00fcreli kriz zamanlar\u0131nda e\u011fitim ve \u00f6\u011frenim) dahil olmak \u00fczere, e\u011fitim d\u00f6n\u00fc\u015f\u00fcm\u00fcn\u00fc ilerletmek ve s\u00fcrd\u00fcr\u00fclebilir projelere meydan okumak i\u00e7in ortakl\u0131klar\u0131 g\u00fc\u00e7lendirmek, y\u00fcksek \u00f6\u011fretimin d\u00f6n\u00fc\u015f\u00fcm iklimindeki rol\u00fc ve herkes i\u00e7in ya\u015fam i\u00e7in \u00e7evre e\u011fitimi) ele alan bir dizi konuya odakland\u0131.<\/p>\n<p>Toplananlar, E\u011fitim i\u00e7in K\u00fcresel Ortakl\u0131k&#8217;ta s\u00f6ylemden eyleme toplumsal cinsiyet d\u00f6n\u00fc\u015ft\u00fcr\u00fcc\u00fc e\u011fitim ihtiyac\u0131na, e\u011fitimin \u00f6\u011fretmen liderli\u011fi ve inovasyon yoluyla d\u00f6n\u00fc\u015ft\u00fcr\u00fclmesine ve m\u00fclteciler i\u00e7in teknik ve mesleki e\u011fitim ve \u00f6\u011fretimin e\u011fitimi finanse etmek i\u00e7in yeni bir k\u00fcresel anla\u015fmaya d\u00f6n\u00fc\u015ft\u00fcr\u00fclmesine, \u00f6zel sekt\u00f6rdeki liderlerin becerilerini geli\u015ftirmek i\u00e7in \u00f6\u011fretim y\u00f6ntemleri geli\u015ftirmek ve g\u00fcncellemek, s\u00fcrd\u00fcr\u00fclebilir bir gelecek i\u00e7in k\u00fcresel e\u011fitim ve e\u011fitimin yerelle\u015ftirilmesi yoluyla vatanda\u015fl\u0131k perspektifinin yan\u0131 s\u0131ra e\u011fitimin d\u00f6n\u00fc\u015f\u00fcm\u00fc i\u00e7in \u00f6nemli giri\u015fimlerin ortaklar\u0131yla UNESCO&#8217;nun a\u00e7\u0131k \u00f6\u011frenme kaynaklar\u0131n\u0131n tavsiyelerini uygulamaya ek olarak, s\u00fcrd\u00fcr\u00fclebilir kalk\u0131nma i\u00e7in e\u011fitimde radikal yenileme ve d\u00f6n\u00fc\u015f\u00fcm yoluyla e\u011fitimi d\u00f6n\u00fc\u015ft\u00fcrme konular\u0131na odakland\u0131.<\/p>\n<p><img loading=\"lazy\" decoding=\"async\" class=\"size-full wp-image-262785 alignright\" src=\"http:\/\/107.6.182.27\/tr\/wp-content\/uploads\/2022\/09\/307167067_1345536589187188_8404329958806204772_n-300x206-1.jpg\" alt=\"\" width=\"300\" height=\"206\" srcset=\"https:\/\/archive.sana.sy\/tr\/wp-content\/uploads\/2022\/09\/307167067_1345536589187188_8404329958806204772_n-300x206-1.jpg 300w, https:\/\/archive.sana.sy\/tr\/wp-content\/uploads\/2022\/09\/307167067_1345536589187188_8404329958806204772_n-300x206-1-150x103.jpg 150w, https:\/\/archive.sana.sy\/tr\/wp-content\/uploads\/2022\/09\/307167067_1345536589187188_8404329958806204772_n-300x206-1-110x75.jpg 110w\" sizes=\"auto, (max-width: 300px) 100vw, 300px\" \/>G\u00fcn\u00fcn \u00e7al\u0131\u015fmas\u0131, be\u015f i\u015f ak\u0131\u015f\u0131n\u0131 (kapsay\u0131c\u0131, e\u015fitlik\u00e7i, g\u00fcvenli ve sa\u011fl\u0131kl\u0131 okullar, ya\u015fam i\u00e7in e\u011fitim ve beceriler, i\u015f ve s\u00fcrd\u00fcr\u00fclebilir kalk\u0131nma, dijital e\u011fitim ve d\u00f6n\u00fc\u015f\u00fcm, \u00f6\u011fretmenler, \u00f6\u011fretmenlik ve \u00f6\u011fretmenlik mesle\u011fi ve e\u011fitim finansman\u0131) konular\u0131n\u0131n ele al\u0131nmas\u0131yla sona erdi.<\/p>\n<p>Kat\u0131l\u0131mc\u0131lar, zirveye sunulan \u00fclkelerin a\u00e7\u0131klamalar\u0131n\u0131n \u00f6nemini ve e\u011fitimin d\u00f6n\u00fc\u015f\u00fcm\u00fcn\u00fc sa\u011flamak i\u00e7in bunlara ba\u011fl\u0131 kalman\u0131n gereklili\u011fini vurgulad\u0131lar.<\/p>\n<p>Toplant\u0131ya kat\u0131lan \u00e7ok say\u0131da kat\u0131l\u0131mc\u0131, e\u011fitimin d\u00f6n\u00fc\u015ft\u00fcr\u00fclmesinin \u00f6nemi ve zirve haz\u0131rl\u0131klar\u0131n\u0131n ba\u015far\u0131l\u0131 olmas\u0131 i\u00e7in al\u0131nan \u00f6nlemlere ili\u015fkin \u00f6zetleri de sunarken, kat\u0131lan gen\u00e7lik delegasyonlar\u0131, e\u011fitim d\u00f6n\u00fc\u015f\u00fcm alan\u0131 \u00fclkelerinin liderlerinden taleplerini netle\u015ftiren bir bildiri yay\u0131nlad\u0131.<\/p>\n<p><a class=\"qi72231t nu7423ey n3hqoq4p r86q59rh b3qcqh3k fq87ekyn bdao358l fsf7x5fv rse6dlih s5oniofx m8h3af8h l7ghb35v kjdc1dyq kmwttqpk srn514ro oxkhqvkx rl78xhln nch0832m cr00lzj9 rn8ck1ys s3jn8y49 icdlwmnq cxfqmxzd d1w2l3lo tes86rjd\" tabindex=\"0\" role=\"link\" href=\"https:\/\/www.facebook.com\/hashtag\/telegram_kanal%C4%B1m%C4%B1z?__eep__=6&amp;__cft__[0]=AZX97gX9KChpulCNn8lcE2_RNdyvzJUI7WKJb0-eTrFet6t09h01HYQeyeMCFSW82W_hQcAiuy0Y9nQqCSIIe2NURW92LdmF8WaZBl3HAHplKFWCkl3tAcr26rPcVza_YaY&amp;__tn__=*NK-R\">#Telegram_Kanal\u0131m\u0131z<\/a>: <a class=\"qi72231t nu7423ey n3hqoq4p r86q59rh b3qcqh3k fq87ekyn bdao358l fsf7x5fv rse6dlih s5oniofx m8h3af8h l7ghb35v kjdc1dyq kmwttqpk srn514ro oxkhqvkx rl78xhln nch0832m cr00lzj9 rn8ck1ys s3jn8y49 icdlwmnq cxfqmxzd ezidihy3\" tabindex=\"0\" role=\"link\" href=\"https:\/\/t.me\/SuriyeArapHaberAjans?fbclid=IwAR2f0ojIubh-BuB-lhfOgvsgTz2kUPmlOTkSwsnklRBJ8YQw3wJdSkn4Gyc\" target=\"_blank\" rel=\"nofollow noopener\">https:\/\/t.me\/SuriyeArapHaberAjans<\/a><\/p>\n<div id='gallery-1' class='gallery galleryid-262782 gallery-columns-3 gallery-size-full'><figure class='gallery-item'>\n\t\t\t<div class='gallery-icon landscape'>\n\t\t\t\t<a href='https:\/\/archive.sana.sy\/tr\/wp-content\/uploads\/2022\/09\/302441391_1345538075853706_5134781951435312936_n-300x225-1.jpg'><img loading=\"lazy\" decoding=\"async\" width=\"300\" height=\"225\" src=\"https:\/\/archive.sana.sy\/tr\/wp-content\/uploads\/2022\/09\/302441391_1345538075853706_5134781951435312936_n-300x225-1.jpg\" class=\"attachment-full size-full\" alt=\"\" srcset=\"https:\/\/archive.sana.sy\/tr\/wp-content\/uploads\/2022\/09\/302441391_1345538075853706_5134781951435312936_n-300x225-1.jpg 300w, https:\/\/archive.sana.sy\/tr\/wp-content\/uploads\/2022\/09\/302441391_1345538075853706_5134781951435312936_n-300x225-1-150x113.jpg 150w\" sizes=\"auto, (max-width: 300px) 100vw, 300px\" \/><\/a>\n\t\t\t<\/div><\/figure><figure class='gallery-item'>\n\t\t\t<div class='gallery-icon landscape'>\n\t\t\t\t<a href='https:\/\/archive.sana.sy\/tr\/wp-content\/uploads\/2022\/09\/305576252_1345538222520358_8141341944470369908_n-300x225-1.jpg'><img loading=\"lazy\" decoding=\"async\" width=\"300\" height=\"225\" src=\"https:\/\/archive.sana.sy\/tr\/wp-content\/uploads\/2022\/09\/305576252_1345538222520358_8141341944470369908_n-300x225-1.jpg\" class=\"attachment-full size-full\" alt=\"\" srcset=\"https:\/\/archive.sana.sy\/tr\/wp-content\/uploads\/2022\/09\/305576252_1345538222520358_8141341944470369908_n-300x225-1.jpg 300w, https:\/\/archive.sana.sy\/tr\/wp-content\/uploads\/2022\/09\/305576252_1345538222520358_8141341944470369908_n-300x225-1-150x113.jpg 150w\" sizes=\"auto, (max-width: 300px) 100vw, 300px\" \/><\/a>\n\t\t\t<\/div><\/figure><figure class='gallery-item'>\n\t\t\t<div class='gallery-icon landscape'>\n\t\t\t\t<a href='https:\/\/archive.sana.sy\/tr\/wp-content\/uploads\/2022\/09\/307444919_1345536719187175_4806523067564200676_n-300x185-1.jpg'><img loading=\"lazy\" decoding=\"async\" width=\"300\" height=\"185\" src=\"https:\/\/archive.sana.sy\/tr\/wp-content\/uploads\/2022\/09\/307444919_1345536719187175_4806523067564200676_n-300x185-1.jpg\" class=\"attachment-full size-full\" alt=\"\" srcset=\"https:\/\/archive.sana.sy\/tr\/wp-content\/uploads\/2022\/09\/307444919_1345536719187175_4806523067564200676_n-300x185-1.jpg 300w, https:\/\/archive.sana.sy\/tr\/wp-content\/uploads\/2022\/09\/307444919_1345536719187175_4806523067564200676_n-300x185-1-150x93.jpg 150w\" sizes=\"auto, (max-width: 300px) 100vw, 300px\" \/><\/a>\n\t\t\t<\/div><\/figure>\n\t\t<\/div>\n\n","protected":false},"excerpt":{"rendered":"<p>NEW YORK &#8211; Suriye&#8217;nin kat\u0131l\u0131m\u0131yla, Zirveye kat\u0131lan Suriye heyetinin \u00c7\u00f6z\u00fcm G\u00fcn\u00fc oturumlar\u0131n\u0131 ve tart\u0131\u015fmalar\u0131n\u0131 takip etti\u011fi Birle\u015fmi\u015f Milletler 77. Genel Kurulu&#8217;nun oturum aralar\u0131nda New York&#8217;ta E\u011fitimde D\u00f6n\u00fc\u015f\u00fcm Zirvesi oturumlar\u0131 devam ediyor. \u00dc\u00e7\u00fcnc\u00fc g\u00fcn\u00fcn \u00e7al\u0131\u015fmas\u0131, (etkili e\u011fitim sistemleri, a\u00e7\u0131k dijital i\u00e7erik i\u00e7in \u00e7\u00f6z\u00fcmler ve temel e\u011fitimin geli\u015ftirilmesi, s\u00fcrd\u00fcr\u00fclebilir finansman i\u00e7in temellerin at\u0131lmas\u0131, acil durum ve uzun &hellip;<\/p>\n","protected":false},"author":1,"featured_media":262783,"comment_status":"closed","ping_status":"closed","sticky":false,"template":"","format":"standard","meta":{"footnotes":""},"categories":[458,459,17988],"tags":[],"class_list":["post-262782","post","type-post","status-publish","format-standard","has-post-thumbnail","","category-dunya1","category-haberler-arap-uluslararasi-politika","category-son-haberler"],"_links":{"self":[{"href":"https:\/\/archive.sana.sy\/tr\/index.php?rest_route=\/wp\/v2\/posts\/262782","targetHints":{"allow":["GET"]}}],"collection":[{"href":"https:\/\/archive.sana.sy\/tr\/index.php?rest_route=\/wp\/v2\/posts"}],"about":[{"href":"https:\/\/archive.sana.sy\/tr\/index.php?rest_route=\/wp\/v2\/types\/post"}],"author":[{"embeddable":true,"href":"https:\/\/archive.sana.sy\/tr\/index.php?rest_route=\/wp\/v2\/users\/1"}],"replies":[{"embeddable":true,"href":"https:\/\/archive.sana.sy\/tr\/index.php?rest_route=%2Fwp%2Fv2%2Fcomments&post=262782"}],"version-history":[{"count":0,"href":"https:\/\/archive.sana.sy\/tr\/index.php?rest_route=\/wp\/v2\/posts\/262782\/revisions"}],"wp:featuredmedia":[{"embeddable":true,"href":"https:\/\/archive.sana.sy\/tr\/index.php?rest_route=\/wp\/v2\/media\/262783"}],"wp:attachment":[{"href":"https:\/\/archive.sana.sy\/tr\/index.php?rest_route=%2Fwp%2Fv2%2Fmedia&parent=262782"}],"wp:term":[{"taxonomy":"category","embeddable":true,"href":"https:\/\/archive.sana.sy\/tr\/index.php?rest_route=%2Fwp%2Fv2%2Fcategories&post=262782"},{"taxonomy":"post_tag","embeddable":true,"href":"https:\/\/archive.sana.sy\/tr\/index.php?rest_route=%2Fwp%2Fv2%2Ftags&post=262782"}],"curies":[{"name":"wp","href":"https:\/\/api.w.org\/{rel}","templated":true}]}}