{"id":262798,"date":"2022-09-19T15:33:30","date_gmt":"2022-09-19T12:33:30","guid":{"rendered":"http:\/\/107.6.182.27\/tr\/?p=262798"},"modified":"2022-09-20T08:04:16","modified_gmt":"2022-09-20T05:04:16","slug":"arnous-el-manzari-ile-suriye-ve-dunya-saglik-orgutu-arasindaki-isbirligini-gorusuyor","status":"publish","type":"post","link":"https:\/\/archive.sana.sy\/tr\/?p=262798","title":{"rendered":"Arnus, Al &#8211; Mandhri \u0130le Suriye Ve D\u00fcnya Sa\u011fl\u0131k \u00d6rg\u00fct\u00fc Aras\u0131ndaki \u0130\u015fbirli\u011fini G\u00f6r\u00fc\u015f\u00fcyor"},"content":{"rendered":"<p>\u015eAM &#8211; Ba\u015fbakan H\u00fcseyin Arnus bug\u00fcn D\u00fcnya Sa\u011fl\u0131k \u00d6rg\u00fct\u00fc Do\u011fu Akdeniz B\u00f6lgesi Direkt\u00f6r\u00fc Ahmed Al &#8211; Mandahri ile Suriye h\u00fck\u00fcmeti ile \u00f6rg\u00fct aras\u0131ndaki i\u015fbirli\u011fini geli\u015ftirmenin ve sa\u011fl\u0131k sekt\u00f6r\u00fcne sa\u011flanan sa\u011fl\u0131k hizmetlerini art\u0131rman\u0131n yollar\u0131n\u0131 g\u00f6r\u00fc\u015ft\u00fc.<\/p>\n<p>Arnus, gerekli t\u0131bbi ihtiya\u00e7 ve malzemelerin temin edilmesini engelleyen haks\u0131z ku\u015fatma kar\u015f\u0131s\u0131nda sa\u011fl\u0131k sekt\u00f6r\u00fcn\u00fcn kar\u015f\u0131la\u015ft\u0131\u011f\u0131 zorluklara ve ter\u00f6r nedeniyle sekt\u00f6r\u00fcn maruz kald\u0131\u011f\u0131 olumsuz etkilere dikkat \u00e7ekerek, halklara ve sa\u011fl\u0131k sekt\u00f6r\u00fcne zarar veren siyasile\u015fme ve yapt\u0131r\u0131mlardan uzak, herhangi bir acil sa\u011fl\u0131k vakas\u0131 veya pandemi ile y\u00fczle\u015fmek i\u00e7in t\u00fcm \u00fclkeleri i\u015fbirli\u011fi yapmaya te\u015fvik eden k\u00fcresel sa\u011fl\u0131k protokollerinin geli\u015ftirilmesi \u00e7a\u011fr\u0131s\u0131nda bulundu.<\/p>\n<p>Arnus ayr\u0131ca, Haseke Valili\u011fi&#8217;nde i\u015fgalci T\u00fcrkiye ve kiral\u0131klar\u0131n\u0131n arac\u0131l\u0131\u011f\u0131yla sular\u0131n kesilmesi konusunda ya\u015fananlar\u0131n insanl\u0131k su\u00e7u oldu\u011funu vurgulayarak, \u00a0ayn\u0131 zamanda, D\u00fcnya Sa\u011fl\u0131k \u00d6rg\u00fct\u00fc&#8217;n\u00fc, kaydedilen kolera vakalar\u0131yla y\u00fczle\u015fmek i\u00e7in sa\u011fl\u0131k sekt\u00f6r\u00fcne destek sa\u011flamaya ve kalk\u0131nma \u00e7abalar\u0131n\u0131 g\u00f6stermeye \u00e7a\u011f\u0131rd\u0131.<\/p>\n<p>Al &#8211; Mandahri, \u00f6rg\u00fct\u00fcn s\u0131n\u0131rlar\u0131 a\u015fan zorluklarla kar\u015f\u0131 kar\u015f\u0131ya kalan Suriye&#8217;deki sa\u011fl\u0131k sekt\u00f6r\u00fcne verdi\u011fi deste\u011fin devam etti\u011fini vurgulayarak, Suriye&#8217;deki sa\u011fl\u0131k sisteminin uzun bir ge\u00e7mi\u015fe sahip oldu\u011funa ve \u00e7ocuk bak\u0131m\u0131, \u00fcreme sa\u011fl\u0131\u011f\u0131, \u015feffafl\u0131k, ekipman, ara\u00e7 ve di\u011fer avantajlar a\u00e7\u0131s\u0131ndan en iyi sa\u011fl\u0131k sistemlerinden biri oldu\u011funa i\u015faret etti.<\/p>\n<p>Al &#8211; Mandahri, sa\u011fl\u0131k sekt\u00f6r\u00fcn\u00fcn zorluklara ra\u011fmen Suriye vatanda\u015f\u0131na sundu\u011fu kapsaml\u0131 sa\u011fl\u0131k sigortas\u0131 ve temel sa\u011fl\u0131k hizmetlerine de dikkat \u00e7ekti.<\/p>\n<p><a class=\"qi72231t nu7423ey n3hqoq4p r86q59rh b3qcqh3k fq87ekyn bdao358l fsf7x5fv rse6dlih s5oniofx m8h3af8h l7ghb35v kjdc1dyq kmwttqpk srn514ro oxkhqvkx rl78xhln nch0832m cr00lzj9 rn8ck1ys s3jn8y49 icdlwmnq cxfqmxzd d1w2l3lo tes86rjd\" tabindex=\"0\" role=\"link\" href=\"https:\/\/www.facebook.com\/hashtag\/telegram_kanal%C4%B1m%C4%B1z?__eep__=6&amp;__cft__[0]=AZXxW4PouTVKXrHD45F3rvb87JMeLvLlLnhJNcWsvPT_Ro6RbyS0MnAxmZiklCIORfjCqRgdskHzVY1Mk63Gb7-hzOEfFsbf-Wt_jgErrBXdhj15qUuWvMheMSKiNle_Gk0&amp;__tn__=*NK-R\">#Telegram_Kanal\u0131m\u0131z<\/a>:\u00a0<a class=\"qi72231t nu7423ey n3hqoq4p r86q59rh b3qcqh3k fq87ekyn bdao358l fsf7x5fv rse6dlih s5oniofx m8h3af8h l7ghb35v kjdc1dyq kmwttqpk srn514ro oxkhqvkx rl78xhln nch0832m cr00lzj9 rn8ck1ys s3jn8y49 icdlwmnq cxfqmxzd ezidihy3\" tabindex=\"0\" role=\"link\" href=\"https:\/\/t.me\/SuriyeArapHaberAjans?fbclid=IwAR0XfhoAcaTrH1fGBb9PyYXSHi8nBlIalFP5ON1x8e3IxkdJrerZwHhFREU\" target=\"_blank\" rel=\"nofollow noopener\">https:\/\/t.me\/SuriyeArapHaberAjans<\/a><\/p>\n","protected":false},"excerpt":{"rendered":"<p>\u015eAM &#8211; Ba\u015fbakan H\u00fcseyin Arnus bug\u00fcn D\u00fcnya Sa\u011fl\u0131k \u00d6rg\u00fct\u00fc Do\u011fu Akdeniz B\u00f6lgesi Direkt\u00f6r\u00fc Ahmed Al &#8211; Mandahri ile Suriye h\u00fck\u00fcmeti ile \u00f6rg\u00fct aras\u0131ndaki i\u015fbirli\u011fini geli\u015ftirmenin ve sa\u011fl\u0131k sekt\u00f6r\u00fcne sa\u011flanan sa\u011fl\u0131k hizmetlerini art\u0131rman\u0131n yollar\u0131n\u0131 g\u00f6r\u00fc\u015ft\u00fc. Arnus, gerekli t\u0131bbi ihtiya\u00e7 ve malzemelerin temin edilmesini engelleyen haks\u0131z ku\u015fatma kar\u015f\u0131s\u0131nda sa\u011fl\u0131k sekt\u00f6r\u00fcn\u00fcn kar\u015f\u0131la\u015ft\u0131\u011f\u0131 zorluklara ve ter\u00f6r nedeniyle sekt\u00f6r\u00fcn maruz &hellip;<\/p>\n","protected":false},"author":41,"featured_media":262799,"comment_status":"closed","ping_status":"closed","sticky":false,"template":"","format":"standard","meta":{"footnotes":""},"categories":[479,17988,478],"tags":[],"class_list":["post-262798","post","type-post","status-publish","format-standard","has-post-thumbnail","","category-haberler-yerel","category-son-haberler","category-yerel"],"_links":{"self":[{"href":"https:\/\/archive.sana.sy\/tr\/index.php?rest_route=\/wp\/v2\/posts\/262798","targetHints":{"allow":["GET"]}}],"collection":[{"href":"https:\/\/archive.sana.sy\/tr\/index.php?rest_route=\/wp\/v2\/posts"}],"about":[{"href":"https:\/\/archive.sana.sy\/tr\/index.php?rest_route=\/wp\/v2\/types\/post"}],"author":[{"embeddable":true,"href":"https:\/\/archive.sana.sy\/tr\/index.php?rest_route=\/wp\/v2\/users\/41"}],"replies":[{"embeddable":true,"href":"https:\/\/archive.sana.sy\/tr\/index.php?rest_route=%2Fwp%2Fv2%2Fcomments&post=262798"}],"version-history":[{"count":0,"href":"https:\/\/archive.sana.sy\/tr\/index.php?rest_route=\/wp\/v2\/posts\/262798\/revisions"}],"wp:featuredmedia":[{"embeddable":true,"href":"https:\/\/archive.sana.sy\/tr\/index.php?rest_route=\/wp\/v2\/media\/262799"}],"wp:attachment":[{"href":"https:\/\/archive.sana.sy\/tr\/index.php?rest_route=%2Fwp%2Fv2%2Fmedia&parent=262798"}],"wp:term":[{"taxonomy":"category","embeddable":true,"href":"https:\/\/archive.sana.sy\/tr\/index.php?rest_route=%2Fwp%2Fv2%2Fcategories&post=262798"},{"taxonomy":"post_tag","embeddable":true,"href":"https:\/\/archive.sana.sy\/tr\/index.php?rest_route=%2Fwp%2Fv2%2Ftags&post=262798"}],"curies":[{"name":"wp","href":"https:\/\/api.w.org\/{rel}","templated":true}]}}