{"id":262806,"date":"2022-09-19T16:27:04","date_gmt":"2022-09-19T13:27:04","guid":{"rendered":"http:\/\/107.6.182.27\/tr\/?p=262806"},"modified":"2022-09-21T08:02:47","modified_gmt":"2022-09-21T05:02:47","slug":"cumhurbaskani-esaddan-el-manzariye-bolgesel-saglik-cikarlarinin-birligi-bolge-ulkeleri-arasinda-isbirligi-gerektiriyor","status":"publish","type":"post","link":"https:\/\/archive.sana.sy\/tr\/?p=262806","title":{"rendered":"Cumhurba\u015fkan\u0131 Esad Al-Mandhari\u2019ye: B\u00f6lgesel Sa\u011fl\u0131k \u00c7\u0131karlar\u0131n\u0131n Birli\u011fi, B\u00f6lge \u00dclkeleri Aras\u0131nda \u0130\u015fbirli\u011fi Gerektiriyor"},"content":{"rendered":"<p>\u015eAM \u2013 Cumhurba\u015fkan\u0131 Be\u015f\u015far Esad, D\u00fcnya Sa\u011fl\u0131k \u00d6rg\u00fct\u00fc Do\u011fu Akdeniz B\u00f6lgesi Direkt\u00f6r\u00fc Ahmed Al-Mandhri ile sa\u011fl\u0131k m\u00fcdahalesini iyile\u015ftirmek amac\u0131yla \u00f6rg\u00fct ve Suriye&#8217;deki sa\u011fl\u0131k sekt\u00f6r\u00fc kurumlar\u0131 aras\u0131ndaki aktif i\u015fbirli\u011fini g\u00f6r\u00fc\u015ft\u00fc.<\/p>\n<p>Cumhurba\u015fkan\u0131 Esad g\u00f6r\u00fc\u015fmede, b\u00f6lgesel sa\u011fl\u0131k \u00e7\u0131karlar\u0131n\u0131n birli\u011finin, bir \u00fclkeden di\u011ferine yay\u0131lan ve bula\u015fan hastal\u0131klarla m\u00fccadele etmek i\u00e7in b\u00f6lgedeki t\u00fcm \u00fclkeler aras\u0131nda \u00e7al\u0131\u015fma ve i\u015fbirli\u011fi gerektirdi\u011fini vurgulad\u0131.<\/p>\n<p>Al &#8211; Mandhri ise, Suriye&#8217;nin t\u00fcm Suriye topraklar\u0131ndaki Suriyelilere t\u0131bbi yard\u0131m sa\u011flamak amac\u0131yla yapt\u0131\u011f\u0131 \u00e7al\u0131\u015fmalara Suriye&#8217;nin sa\u011flad\u0131\u011f\u0131 destek ve kolayl\u0131klar i\u00e7in \u00f6rg\u00fct\u00fcn takdirini dile getirerek \u00a0Suriye&#8217;nin \u00e7e\u015fitli sa\u011fl\u0131k alanlar\u0131nda D\u00fcnya Sa\u011fl\u0131k \u00d6rg\u00fct\u00fc d\u00fczeyinde her zaman bir\u00e7ok giri\u015fimde bulundu\u011funa i\u015faret etti.<\/p>\n<p><a class=\"qi72231t nu7423ey n3hqoq4p r86q59rh b3qcqh3k fq87ekyn bdao358l fsf7x5fv rse6dlih s5oniofx m8h3af8h l7ghb35v kjdc1dyq kmwttqpk srn514ro oxkhqvkx rl78xhln nch0832m cr00lzj9 rn8ck1ys s3jn8y49 icdlwmnq cxfqmxzd d1w2l3lo tes86rjd\" tabindex=\"0\" role=\"link\" href=\"https:\/\/www.facebook.com\/hashtag\/telegram_kanal%C4%B1m%C4%B1z?__eep__=6&amp;__cft__[0]=AZXxW4PouTVKXrHD45F3rvb87JMeLvLlLnhJNcWsvPT_Ro6RbyS0MnAxmZiklCIORfjCqRgdskHzVY1Mk63Gb7-hzOEfFsbf-Wt_jgErrBXdhj15qUuWvMheMSKiNle_Gk0&amp;__tn__=*NK-R\">#Telegram_Kanal\u0131m\u0131z<\/a>:\u00a0<a class=\"qi72231t nu7423ey n3hqoq4p r86q59rh b3qcqh3k fq87ekyn bdao358l fsf7x5fv rse6dlih s5oniofx m8h3af8h l7ghb35v kjdc1dyq kmwttqpk srn514ro oxkhqvkx rl78xhln nch0832m cr00lzj9 rn8ck1ys s3jn8y49 icdlwmnq cxfqmxzd ezidihy3\" tabindex=\"0\" role=\"link\" href=\"https:\/\/t.me\/SuriyeArapHaberAjans?fbclid=IwAR0XfhoAcaTrH1fGBb9PyYXSHi8nBlIalFP5ON1x8e3IxkdJrerZwHhFREU\" target=\"_blank\" rel=\"nofollow noopener\">https:\/\/t.me\/SuriyeArapHaberAjans<\/a><\/p>\n","protected":false},"excerpt":{"rendered":"<p>\u015eAM \u2013 Cumhurba\u015fkan\u0131 Be\u015f\u015far Esad, D\u00fcnya Sa\u011fl\u0131k \u00d6rg\u00fct\u00fc Do\u011fu Akdeniz B\u00f6lgesi Direkt\u00f6r\u00fc Ahmed Al-Mandhri ile sa\u011fl\u0131k m\u00fcdahalesini iyile\u015ftirmek amac\u0131yla \u00f6rg\u00fct ve Suriye&#8217;deki sa\u011fl\u0131k sekt\u00f6r\u00fc kurumlar\u0131 aras\u0131ndaki aktif i\u015fbirli\u011fini g\u00f6r\u00fc\u015ft\u00fc. Cumhurba\u015fkan\u0131 Esad g\u00f6r\u00fc\u015fmede, b\u00f6lgesel sa\u011fl\u0131k \u00e7\u0131karlar\u0131n\u0131n birli\u011finin, bir \u00fclkeden di\u011ferine yay\u0131lan ve bula\u015fan hastal\u0131klarla m\u00fccadele etmek i\u00e7in b\u00f6lgedeki t\u00fcm \u00fclkeler aras\u0131nda \u00e7al\u0131\u015fma ve i\u015fbirli\u011fi gerektirdi\u011fini vurgulad\u0131. &hellip;<\/p>\n","protected":false},"author":41,"featured_media":262807,"comment_status":"closed","ping_status":"closed","sticky":false,"template":"","format":"standard","meta":{"footnotes":""},"categories":[479,605,17988,478],"tags":[],"class_list":["post-262806","post","type-post","status-publish","format-standard","has-post-thumbnail","","category-haberler-yerel","category-sayin-cumhurbaskani","category-son-haberler","category-yerel"],"_links":{"self":[{"href":"https:\/\/archive.sana.sy\/tr\/index.php?rest_route=\/wp\/v2\/posts\/262806","targetHints":{"allow":["GET"]}}],"collection":[{"href":"https:\/\/archive.sana.sy\/tr\/index.php?rest_route=\/wp\/v2\/posts"}],"about":[{"href":"https:\/\/archive.sana.sy\/tr\/index.php?rest_route=\/wp\/v2\/types\/post"}],"author":[{"embeddable":true,"href":"https:\/\/archive.sana.sy\/tr\/index.php?rest_route=\/wp\/v2\/users\/41"}],"replies":[{"embeddable":true,"href":"https:\/\/archive.sana.sy\/tr\/index.php?rest_route=%2Fwp%2Fv2%2Fcomments&post=262806"}],"version-history":[{"count":0,"href":"https:\/\/archive.sana.sy\/tr\/index.php?rest_route=\/wp\/v2\/posts\/262806\/revisions"}],"wp:featuredmedia":[{"embeddable":true,"href":"https:\/\/archive.sana.sy\/tr\/index.php?rest_route=\/wp\/v2\/media\/262807"}],"wp:attachment":[{"href":"https:\/\/archive.sana.sy\/tr\/index.php?rest_route=%2Fwp%2Fv2%2Fmedia&parent=262806"}],"wp:term":[{"taxonomy":"category","embeddable":true,"href":"https:\/\/archive.sana.sy\/tr\/index.php?rest_route=%2Fwp%2Fv2%2Fcategories&post=262806"},{"taxonomy":"post_tag","embeddable":true,"href":"https:\/\/archive.sana.sy\/tr\/index.php?rest_route=%2Fwp%2Fv2%2Ftags&post=262806"}],"curies":[{"name":"wp","href":"https:\/\/api.w.org\/{rel}","templated":true}]}}