{"id":262820,"date":"2022-09-19T17:10:37","date_gmt":"2022-09-19T14:10:37","guid":{"rendered":"http:\/\/107.6.182.27\/tr\/?p=262820"},"modified":"2022-09-20T08:05:12","modified_gmt":"2022-09-20T05:05:12","slug":"mahluf-yerel-yonetim-hizmetlerini-guclendiren-projeler-uygulanmali","status":"publish","type":"post","link":"https:\/\/archive.sana.sy\/tr\/?p=262820","title":{"rendered":"Mahluf, Yerel Y\u00f6netim Hizmetlerini G\u00fc\u00e7lendiren Projeler Uygulanmal\u0131"},"content":{"rendered":"<p>\u015eAM &#8211; Yerel Y\u00f6netim ve \u00c7evre Bakan\u0131 H\u00fcseyin Mahluf, Birle\u015fmi\u015f Milletler \u0130nsan Yerle\u015fimleri Program\u0131 ile Suriye aras\u0131nda yerel y\u00f6netim hizmetlerini geli\u015ftiren ortak projelerin uygulanmas\u0131 gere\u011fini vurgulad\u0131.<\/p>\n<p>Bakan Birle\u015fmi\u015f Milletler Suriye \u0130nsan Yerle\u015fimleri Program\u0131 Direkt\u00f6r\u00fc Ryan Lloyd Knox ile g\u00f6revinin sona ermesi m\u00fcnasebetiyle yapt\u0131\u011f\u0131 g\u00f6r\u00fc\u015fmede, Suriye&#8217;de iki taraf aras\u0131nda i\u015fbirli\u011fi i\u00e7inde y\u00fcr\u00fct\u00fclen projelerin \u00f6nemine dikkat \u00e7ekerek, \u00a0program\u0131n yerel y\u00f6netim hizmetlerini g\u00fc\u00e7lendirmeye ve yerel konseylerin kaynaklar\u0131n\u0131 y\u00f6netme ve kanun maddelerini uygulamalar\u0131na yard\u0131mc\u0131 olma yeteneklerini geli\u015ftirmeye yard\u0131mc\u0131 olan projelerin uygulanmas\u0131na odaklanmas\u0131 gerekti\u011fini kaydetti.<\/p>\n<p>Knox ise, g\u00f6rev s\u00fcresi boyunca bakanl\u0131\u011f\u0131n programa verdi\u011fi deste\u011fine dikkat \u00e7ekerek, i\u015fbirli\u011finin valiliklerde yerel planlama ve erken iyile\u015ftirme planlar\u0131 ba\u015fta olmak \u00fczere \u00e7e\u015fitli alanlarda projelerle sonu\u00e7land\u0131\u011f\u0131n\u0131 ve ortak projelerde daha fazla koordinasyon ve i\u015fbirli\u011finin sa\u011flanmas\u0131 i\u00e7in \u00e7al\u0131\u015fmalar\u0131n s\u00fcrd\u00fcr\u00fclece\u011fini belirtti.<\/p>\n<p><a class=\"qi72231t nu7423ey n3hqoq4p r86q59rh b3qcqh3k fq87ekyn bdao358l fsf7x5fv rse6dlih s5oniofx m8h3af8h l7ghb35v kjdc1dyq kmwttqpk srn514ro oxkhqvkx rl78xhln nch0832m cr00lzj9 rn8ck1ys s3jn8y49 icdlwmnq cxfqmxzd d1w2l3lo tes86rjd\" tabindex=\"0\" role=\"link\" href=\"https:\/\/www.facebook.com\/hashtag\/telegram_kanal%C4%B1m%C4%B1z?__eep__=6&amp;__cft__[0]=AZXxW4PouTVKXrHD45F3rvb87JMeLvLlLnhJNcWsvPT_Ro6RbyS0MnAxmZiklCIORfjCqRgdskHzVY1Mk63Gb7-hzOEfFsbf-Wt_jgErrBXdhj15qUuWvMheMSKiNle_Gk0&amp;__tn__=*NK-R\">#Telegram_Kanal\u0131m\u0131z<\/a>:\u00a0<a class=\"qi72231t nu7423ey n3hqoq4p r86q59rh b3qcqh3k fq87ekyn bdao358l fsf7x5fv rse6dlih s5oniofx m8h3af8h l7ghb35v kjdc1dyq kmwttqpk srn514ro oxkhqvkx rl78xhln nch0832m cr00lzj9 rn8ck1ys s3jn8y49 icdlwmnq cxfqmxzd ezidihy3\" tabindex=\"0\" role=\"link\" href=\"https:\/\/t.me\/SuriyeArapHaberAjans?fbclid=IwAR0XfhoAcaTrH1fGBb9PyYXSHi8nBlIalFP5ON1x8e3IxkdJrerZwHhFREU\" target=\"_blank\" rel=\"nofollow noopener\">https:\/\/t.me\/SuriyeArapHaberAjans<\/a><\/p>\n","protected":false},"excerpt":{"rendered":"<p>\u015eAM &#8211; Yerel Y\u00f6netim ve \u00c7evre Bakan\u0131 H\u00fcseyin Mahluf, Birle\u015fmi\u015f Milletler \u0130nsan Yerle\u015fimleri Program\u0131 ile Suriye aras\u0131nda yerel y\u00f6netim hizmetlerini geli\u015ftiren ortak projelerin uygulanmas\u0131 gere\u011fini vurgulad\u0131. Bakan Birle\u015fmi\u015f Milletler Suriye \u0130nsan Yerle\u015fimleri Program\u0131 Direkt\u00f6r\u00fc Ryan Lloyd Knox ile g\u00f6revinin sona ermesi m\u00fcnasebetiyle yapt\u0131\u011f\u0131 g\u00f6r\u00fc\u015fmede, Suriye&#8217;de iki taraf aras\u0131nda i\u015fbirli\u011fi i\u00e7inde y\u00fcr\u00fct\u00fclen projelerin \u00f6nemine dikkat \u00e7ekerek, &hellip;<\/p>\n","protected":false},"author":41,"featured_media":262821,"comment_status":"closed","ping_status":"closed","sticky":false,"template":"","format":"standard","meta":{"footnotes":""},"categories":[479,17988,478],"tags":[],"class_list":["post-262820","post","type-post","status-publish","format-standard","has-post-thumbnail","","category-haberler-yerel","category-son-haberler","category-yerel"],"_links":{"self":[{"href":"https:\/\/archive.sana.sy\/tr\/index.php?rest_route=\/wp\/v2\/posts\/262820","targetHints":{"allow":["GET"]}}],"collection":[{"href":"https:\/\/archive.sana.sy\/tr\/index.php?rest_route=\/wp\/v2\/posts"}],"about":[{"href":"https:\/\/archive.sana.sy\/tr\/index.php?rest_route=\/wp\/v2\/types\/post"}],"author":[{"embeddable":true,"href":"https:\/\/archive.sana.sy\/tr\/index.php?rest_route=\/wp\/v2\/users\/41"}],"replies":[{"embeddable":true,"href":"https:\/\/archive.sana.sy\/tr\/index.php?rest_route=%2Fwp%2Fv2%2Fcomments&post=262820"}],"version-history":[{"count":0,"href":"https:\/\/archive.sana.sy\/tr\/index.php?rest_route=\/wp\/v2\/posts\/262820\/revisions"}],"wp:featuredmedia":[{"embeddable":true,"href":"https:\/\/archive.sana.sy\/tr\/index.php?rest_route=\/wp\/v2\/media\/262821"}],"wp:attachment":[{"href":"https:\/\/archive.sana.sy\/tr\/index.php?rest_route=%2Fwp%2Fv2%2Fmedia&parent=262820"}],"wp:term":[{"taxonomy":"category","embeddable":true,"href":"https:\/\/archive.sana.sy\/tr\/index.php?rest_route=%2Fwp%2Fv2%2Fcategories&post=262820"},{"taxonomy":"post_tag","embeddable":true,"href":"https:\/\/archive.sana.sy\/tr\/index.php?rest_route=%2Fwp%2Fv2%2Ftags&post=262820"}],"curies":[{"name":"wp","href":"https:\/\/api.w.org\/{rel}","templated":true}]}}