{"id":262912,"date":"2022-09-21T10:30:38","date_gmt":"2022-09-21T07:30:38","guid":{"rendered":"http:\/\/107.6.182.27\/tr\/?p=262912"},"modified":"2022-09-22T09:45:51","modified_gmt":"2022-09-22T06:45:51","slug":"putin-rusya-savunma-bakanliginin-ulkede-kismi-seferberlik-ilan-etme-onerisini-kabul-etti","status":"publish","type":"post","link":"https:\/\/archive.sana.sy\/tr\/?p=262912","title":{"rendered":"Putin, Rusya Savunma Bakanl\u0131\u011f\u0131&#8217;n\u0131n \u00dclkede K\u0131smi Seferberlik \u0130lan Etme \u00d6nerisini Kabul Etti"},"content":{"rendered":"<p>MOSKOVA \u2013 Rusya Devlet Ba\u015fkan\u0131 Vladimir Putin bug\u00fcn, Savunma Bakanl\u0131\u011f\u0131&#8217;n\u0131n \u00fclkede k\u0131smi seferberlik ilan etme \u00f6nerisini onaylad\u0131\u011f\u0131n\u0131 ilan etti.<\/p>\n<p>Putin bug\u00fcn Rus halk\u0131na hitaben yapt\u0131\u011f\u0131 konu\u015fmada: \u201cRusya&#8217;n\u0131n egemenli\u011fini ve toprak b\u00fct\u00fcnl\u00fc\u011f\u00fcn\u00fc savunmak i\u00e7in g\u00fc\u00e7l\u00fc ve gerekli ad\u0131mlar\u0131 atmal\u0131y\u0131z\u201d diyerek, Bat\u0131&#8217;n\u0131n ba\u011f\u0131ms\u0131z g\u00fc\u00e7leri bast\u0131rarak ve iradesini d\u00fcnya \u00fclkelerine dayatarak hegemonyas\u0131n\u0131 s\u00fcrd\u00fcrmeye \u00e7al\u0131\u015ft\u0131\u011f\u0131n\u0131 vurgulad\u0131.<\/p>\n<p>Putin: \u201cg\u00fc\u00e7lerimiz Kherson ve Zaporozhye&#8217;nin b\u00fcy\u00fck b\u00f6l\u00fcm\u00fcn\u00fc plana g\u00f6re kurtard\u0131\u201d diyerek, kurtar\u0131lan b\u00f6lgelerdeki vatanda\u015flar\u0131n Nazi y\u00f6netimi alt\u0131nda olmak istemedi\u011fine dikkat \u00e7ekti.<\/p>\n<p>Putin, Bat\u0131&#8217;n\u0131n Ukrayna&#8217;daki krize bir \u00e7\u00f6z\u00fcm aramad\u0131\u011f\u0131n\u0131 ve Kiev rejimini d\u00fc\u015fmanl\u0131klar\u0131 topraklar\u0131m\u0131za aktarmaya zorlad\u0131\u011f\u0131n\u0131 vurgulad\u0131.<\/p>\n<p><span style=\"color: #0000ff;\"><a class=\"oajrlxb2 g5ia77u1 qu0x051f esr5mh6w e9989ue4 r7d6kgcz rq0escxv nhd2j8a9 nc684nl6 p7hjln8o kvgmc6g5 cxmmr5t8 oygrvhab hcukyx3x jb3vyjys rz4wbd8a qt6c0cv9 a8nywdso i1ao9s8h esuyzwwr f1sip0of lzcic4wl gpro0wi8 q66pz984 b1v8xokw\" style=\"color: #0000ff;\" tabindex=\"0\" role=\"link\" href=\"https:\/\/www.facebook.com\/hashtag\/telegram_kanal%C4%B1m%C4%B1z?__eep__=6&amp;__cft__[0]=AZWwFCMFDDnJkLkT5KaqcwZUyo9FVEWHgiOv30sXY0QJ6YkshsWX0sSJBP5GUR32IvDJZuWkt2gd_LykJ8dCirH64VTCmJ5A-zzNaAB8yNdh0dcC08VZIyX7iCF7yxMslgqPoRaqvQU707v-8Po1PZ37kow7aYFs03lu2XYWsbD1GQ&amp;__tn__=*NK-R\">#Telegram_Kanal\u0131m\u0131z<\/a>:\u00a0<a class=\"oajrlxb2 g5ia77u1 qu0x051f esr5mh6w e9989ue4 r7d6kgcz rq0escxv nhd2j8a9 nc684nl6 p7hjln8o kvgmc6g5 cxmmr5t8 oygrvhab hcukyx3x jb3vyjys rz4wbd8a qt6c0cv9 a8nywdso i1ao9s8h esuyzwwr f1sip0of lzcic4wl gpro0wi8 py34i1dx\" style=\"color: #0000ff;\" tabindex=\"0\" role=\"link\" href=\"https:\/\/t.me\/SuriyeArapHaberAjans?fbclid=IwAR3YVAs1rXgppql6UnJphnzUwS2kq6eK4CPlELC2-jAP13fGfijPx6yYMF0\" target=\"_blank\" rel=\"nofollow noopener\">https:\/\/t.me\/SuriyeArapHaberAjans\u0131<\/a><\/span><\/p>\n","protected":false},"excerpt":{"rendered":"<p>MOSKOVA \u2013 Rusya Devlet Ba\u015fkan\u0131 Vladimir Putin bug\u00fcn, Savunma Bakanl\u0131\u011f\u0131&#8217;n\u0131n \u00fclkede k\u0131smi seferberlik ilan etme \u00f6nerisini onaylad\u0131\u011f\u0131n\u0131 ilan etti. Putin bug\u00fcn Rus halk\u0131na hitaben yapt\u0131\u011f\u0131 konu\u015fmada: \u201cRusya&#8217;n\u0131n egemenli\u011fini ve toprak b\u00fct\u00fcnl\u00fc\u011f\u00fcn\u00fc savunmak i\u00e7in g\u00fc\u00e7l\u00fc ve gerekli ad\u0131mlar\u0131 atmal\u0131y\u0131z\u201d diyerek, Bat\u0131&#8217;n\u0131n ba\u011f\u0131ms\u0131z g\u00fc\u00e7leri bast\u0131rarak ve iradesini d\u00fcnya \u00fclkelerine dayatarak hegemonyas\u0131n\u0131 s\u00fcrd\u00fcrmeye \u00e7al\u0131\u015ft\u0131\u011f\u0131n\u0131 vurgulad\u0131. Putin: \u201cg\u00fc\u00e7lerimiz Kherson &hellip;<\/p>\n","protected":false},"author":39,"featured_media":262913,"comment_status":"closed","ping_status":"closed","sticky":false,"template":"","format":"standard","meta":{"footnotes":""},"categories":[458,459,17988],"tags":[],"class_list":["post-262912","post","type-post","status-publish","format-standard","has-post-thumbnail","","category-dunya1","category-haberler-arap-uluslararasi-politika","category-son-haberler"],"_links":{"self":[{"href":"https:\/\/archive.sana.sy\/tr\/index.php?rest_route=\/wp\/v2\/posts\/262912","targetHints":{"allow":["GET"]}}],"collection":[{"href":"https:\/\/archive.sana.sy\/tr\/index.php?rest_route=\/wp\/v2\/posts"}],"about":[{"href":"https:\/\/archive.sana.sy\/tr\/index.php?rest_route=\/wp\/v2\/types\/post"}],"author":[{"embeddable":true,"href":"https:\/\/archive.sana.sy\/tr\/index.php?rest_route=\/wp\/v2\/users\/39"}],"replies":[{"embeddable":true,"href":"https:\/\/archive.sana.sy\/tr\/index.php?rest_route=%2Fwp%2Fv2%2Fcomments&post=262912"}],"version-history":[{"count":0,"href":"https:\/\/archive.sana.sy\/tr\/index.php?rest_route=\/wp\/v2\/posts\/262912\/revisions"}],"wp:featuredmedia":[{"embeddable":true,"href":"https:\/\/archive.sana.sy\/tr\/index.php?rest_route=\/wp\/v2\/media\/262913"}],"wp:attachment":[{"href":"https:\/\/archive.sana.sy\/tr\/index.php?rest_route=%2Fwp%2Fv2%2Fmedia&parent=262912"}],"wp:term":[{"taxonomy":"category","embeddable":true,"href":"https:\/\/archive.sana.sy\/tr\/index.php?rest_route=%2Fwp%2Fv2%2Fcategories&post=262912"},{"taxonomy":"post_tag","embeddable":true,"href":"https:\/\/archive.sana.sy\/tr\/index.php?rest_route=%2Fwp%2Fv2%2Ftags&post=262912"}],"curies":[{"name":"wp","href":"https:\/\/api.w.org\/{rel}","templated":true}]}}