{"id":263028,"date":"2022-09-22T23:27:27","date_gmt":"2022-09-22T20:27:27","guid":{"rendered":"http:\/\/107.6.182.27\/tr\/?p=263028"},"modified":"2022-09-24T09:29:57","modified_gmt":"2022-09-24T06:29:57","slug":"mikdad-cezayir-urdun-paraguay-ve-malezya-disisleri-bakanlariyla-ikili-iliskilerin-guclendirilmesini-gorustu","status":"publish","type":"post","link":"https:\/\/archive.sana.sy\/tr\/?p=263028","title":{"rendered":"Mikdad, Cezayir, \u00dcrd\u00fcn, Paraguay ve Malezya D\u0131\u015fi\u015fleri Bakanlar\u0131yla \u0130kili \u0130li\u015fkilerin G\u00fc\u00e7lendirilmesini G\u00f6r\u00fc\u015ft\u00fc"},"content":{"rendered":"<p>NEW YORK \u2013 Birle\u015fmi\u015f Milletler Genel Kurulu&#8217;nun 77. Oturumunun oturum aralar\u0131nda, D\u0131\u015fi\u015fleri ve Gurbet\u00e7iler Bakan\u0131 Faysal El Mikdad, Cezayirli mevkida\u015f\u0131 Ramtane Lamamra ile Arap arenas\u0131ndaki son geli\u015fmeleri de\u011ferlendirdi.<\/p>\n<p>Bakan Mikdad, Suriye&#8217;nin Cezayir&#8217;in Arap saflar\u0131n\u0131 birle\u015ftirmek ve Arap \u00fclkeleri aras\u0131ndaki dayan\u0131\u015fma ruhunu yeniden canland\u0131rmak i\u00e7in oynayabilece\u011fi role olan g\u00fcvenini dile getirdi.<\/p>\n<p>Buna kar\u015f\u0131l\u0131k Bakan Lamamra, Cezayir&#8217;in egemenli\u011fini, ba\u011f\u0131ms\u0131zl\u0131\u011f\u0131n\u0131 ve toprak b\u00fct\u00fcnl\u00fc\u011f\u00fcn\u00fc korumak ve Suriye&#8217;de ter\u00f6rle m\u00fccadele etmek i\u00e7in Suriye&#8217;yi destekleme konusundaki kararl\u0131 tutumunu yineledi ve Suriye&#8217;nin son y\u0131llardaki benzersiz kararl\u0131l\u0131\u011f\u0131n\u0131 \u00f6vd\u00fc.<\/p>\n<p>\u0130ki bakan, \u00e7e\u015fitli siyasi, ekonomik ve k\u00fclt\u00fcrel sekt\u00f6rlerde iki \u00fclke aras\u0131nda i\u015fbirli\u011fi ve koordinasyonu geli\u015ftirmenin yollar\u0131n\u0131 tart\u0131\u015ft\u0131lar ve ikili ili\u015fkilerin seviyesinden duyduklar\u0131 memnuniyeti dile getirerek, bunlar\u0131 ilerletmenin gere\u011fini vurgulad\u0131lar.<\/p>\n<p>\u0130ki bakan, iki \u00fclke aras\u0131ndaki i\u015fbirli\u011fi veya ortak Arap eylemi ile ilgili olarak isti\u015fare ve koordinasyonu s\u00fcrd\u00fcrme konusunda da anla\u015ft\u0131lar.<\/p>\n<p><img loading=\"lazy\" decoding=\"async\" class=\"size-medium wp-image-263029 alignright\" src=\"http:\/\/107.6.182.27\/tr\/wp-content\/uploads\/2022\/09\/2-6-300x185.jpg\" alt=\"\" width=\"300\" height=\"185\" srcset=\"https:\/\/archive.sana.sy\/tr\/wp-content\/uploads\/2022\/09\/2-6-300x185.jpg 300w, https:\/\/archive.sana.sy\/tr\/wp-content\/uploads\/2022\/09\/2-6-1024x630.jpg 1024w, https:\/\/archive.sana.sy\/tr\/wp-content\/uploads\/2022\/09\/2-6-150x92.jpg 150w, https:\/\/archive.sana.sy\/tr\/wp-content\/uploads\/2022\/09\/2-6-768x472.jpg 768w, https:\/\/archive.sana.sy\/tr\/wp-content\/uploads\/2022\/09\/2-6-1536x945.jpg 1536w, https:\/\/archive.sana.sy\/tr\/wp-content\/uploads\/2022\/09\/2-6.jpg 2000w\" sizes=\"auto, (max-width: 300px) 100vw, 300px\" \/>D\u0131\u015fi\u015fleri ve Gurbet\u00e7iler Bakan\u0131 Faysel El Mikdad, \u00dcrd\u00fcn Ha\u015fimi Krall\u0131\u011f\u0131&#8217;ndan mevkida\u015f\u0131 Ayman Safadi ile beslenme ve di\u011fer konularda ikili ili\u015fkilerle ilgili \u00e7e\u015fitli konular\u0131 g\u00f6r\u00fc\u015ft\u00fc.<\/p>\n<p>G\u00f6r\u00fc\u015fmede, Suriye&#8217;nin egemenli\u011fini, birli\u011fini ve toprak b\u00fct\u00fcnl\u00fc\u011f\u00fcn\u00fc garanti alt\u0131na alman\u0131n, g\u00fcvenli\u011fini, istikrar\u0131n\u0131 ve rol\u00fcn\u00fc tam olarak restore etmenin ve ter\u00f6rizmin \u00e7e\u015fitli bi\u00e7imlerini ortadan kald\u0131rman\u0131n gere\u011fini vurgulad\u0131lar.<\/p>\n<p>Mikdad ve Paraguay D\u0131\u015fi\u015fleri Bakan\u0131 Julio Cesar Areola, iki \u00fclke aras\u0131ndaki ili\u015fkileri ele al\u0131rken, \u00e7e\u015fitli alanlarda ikili i\u015fbirli\u011fi umutlar\u0131 a\u00e7maya devam etme konusunda g\u00f6r\u00fc\u015f birli\u011fi i\u00e7indeydiler.<\/p>\n<p><img loading=\"lazy\" decoding=\"async\" class=\"size-medium wp-image-263030 alignright\" src=\"http:\/\/107.6.182.27\/tr\/wp-content\/uploads\/2022\/09\/3-6-300x201.jpg\" alt=\"\" width=\"300\" height=\"201\" srcset=\"https:\/\/archive.sana.sy\/tr\/wp-content\/uploads\/2022\/09\/3-6-300x201.jpg 300w, https:\/\/archive.sana.sy\/tr\/wp-content\/uploads\/2022\/09\/3-6-1024x685.jpg 1024w, https:\/\/archive.sana.sy\/tr\/wp-content\/uploads\/2022\/09\/3-6-150x100.jpg 150w, https:\/\/archive.sana.sy\/tr\/wp-content\/uploads\/2022\/09\/3-6-768x514.jpg 768w, https:\/\/archive.sana.sy\/tr\/wp-content\/uploads\/2022\/09\/3-6-110x75.jpg 110w, https:\/\/archive.sana.sy\/tr\/wp-content\/uploads\/2022\/09\/3-6.jpg 1280w\" sizes=\"auto, (max-width: 300px) 100vw, 300px\" \/>Bakan Mikdad ayr\u0131ca Malezya D\u0131\u015fi\u015fleri Bakan\u0131 Saifuddin Abdullah ile ter\u00f6rle m\u00fccadele \u00e7abalar\u0131 da dahil olmak \u00fczere Suriye&#8217;deki geli\u015fmeleri ve Bat\u0131l\u0131 \u00fclkelerin uygulad\u0131\u011f\u0131 tek tarafl\u0131 zorlay\u0131c\u0131 tedbirlerin Suriye halk\u0131 \u00fczerindeki etkilerini g\u00f6r\u00fc\u015ft\u00fc.<\/p>\n<p>\u0130ki bakan, iki dost \u00fclkeyi birbirine ba\u011flayan se\u00e7kin tarihi ili\u015fkiler d\u00fczeyine y\u00fckselmek i\u00e7in ikili ili\u015fkilerin g\u00fc\u00e7lendirilmesi gere\u011fini vurgulad\u0131lar.<\/p>\n<p>G\u00f6r\u00fc\u015fmelere Suriye&#8217;nin Birle\u015fmi\u015f Milletler Daimi Temsilcisi B\u00fcy\u00fckel\u00e7i Bessam Sabba\u011f, \u00d6rg\u00fctler Departman\u0131 Direkt\u00f6r\u00fc Rania El Haj Ali ve D\u0131\u015fi\u015fleri ve Gurbet\u00e7iler Bakanl\u0131\u011f\u0131&#8217;ndan Ihab Hamed kat\u0131ld\u0131.<\/p>\n<p><span style=\"color: #0000ff;\">#Telegram_Kanal\u0131m\u0131z:\u00a0<a style=\"color: #0000ff;\" href=\"https:\/\/t.me\/SuriyeArapHaberAjans\">https:\/\/t.me\/SuriyeArapHaberAjans\u0131<\/a><\/span><\/p>\n<div id='gallery-1' class='gallery galleryid-263028 gallery-columns-3 gallery-size-full'><figure class='gallery-item'>\n\t\t\t<div class='gallery-icon landscape'>\n\t\t\t\t<a href='https:\/\/archive.sana.sy\/tr\/wp-content\/uploads\/2022\/09\/5000.jpg'><img loading=\"lazy\" decoding=\"async\" width=\"2000\" height=\"1310\" src=\"https:\/\/archive.sana.sy\/tr\/wp-content\/uploads\/2022\/09\/5000.jpg\" class=\"attachment-full size-full\" alt=\"\" srcset=\"https:\/\/archive.sana.sy\/tr\/wp-content\/uploads\/2022\/09\/5000.jpg 2000w, https:\/\/archive.sana.sy\/tr\/wp-content\/uploads\/2022\/09\/5000-300x197.jpg 300w, https:\/\/archive.sana.sy\/tr\/wp-content\/uploads\/2022\/09\/5000-1024x671.jpg 1024w, https:\/\/archive.sana.sy\/tr\/wp-content\/uploads\/2022\/09\/5000-150x98.jpg 150w, https:\/\/archive.sana.sy\/tr\/wp-content\/uploads\/2022\/09\/5000-768x503.jpg 768w, https:\/\/archive.sana.sy\/tr\/wp-content\/uploads\/2022\/09\/5000-1536x1006.jpg 1536w\" sizes=\"auto, (max-width: 2000px) 100vw, 2000px\" \/><\/a>\n\t\t\t<\/div><\/figure><figure class='gallery-item'>\n\t\t\t<div class='gallery-icon landscape'>\n\t\t\t\t<a href='https:\/\/archive.sana.sy\/tr\/wp-content\/uploads\/2022\/09\/photo_2022-09-22_22-33-06.jpg'><img loading=\"lazy\" decoding=\"async\" width=\"1280\" height=\"681\" src=\"https:\/\/archive.sana.sy\/tr\/wp-content\/uploads\/2022\/09\/photo_2022-09-22_22-33-06.jpg\" class=\"attachment-full size-full\" alt=\"\" srcset=\"https:\/\/archive.sana.sy\/tr\/wp-content\/uploads\/2022\/09\/photo_2022-09-22_22-33-06.jpg 1280w, https:\/\/archive.sana.sy\/tr\/wp-content\/uploads\/2022\/09\/photo_2022-09-22_22-33-06-300x160.jpg 300w, https:\/\/archive.sana.sy\/tr\/wp-content\/uploads\/2022\/09\/photo_2022-09-22_22-33-06-1024x545.jpg 1024w, https:\/\/archive.sana.sy\/tr\/wp-content\/uploads\/2022\/09\/photo_2022-09-22_22-33-06-150x80.jpg 150w, https:\/\/archive.sana.sy\/tr\/wp-content\/uploads\/2022\/09\/photo_2022-09-22_22-33-06-768x409.jpg 768w, https:\/\/archive.sana.sy\/tr\/wp-content\/uploads\/2022\/09\/photo_2022-09-22_22-33-06-310x165.jpg 310w\" sizes=\"auto, (max-width: 1280px) 100vw, 1280px\" \/><\/a>\n\t\t\t<\/div><\/figure><figure class='gallery-item'>\n\t\t\t<div class='gallery-icon landscape'>\n\t\t\t\t<a href='https:\/\/archive.sana.sy\/tr\/wp-content\/uploads\/2022\/09\/photo_2022-09-22_22-33-07.jpg'><img loading=\"lazy\" decoding=\"async\" width=\"1280\" height=\"847\" src=\"https:\/\/archive.sana.sy\/tr\/wp-content\/uploads\/2022\/09\/photo_2022-09-22_22-33-07.jpg\" class=\"attachment-full size-full\" alt=\"\" srcset=\"https:\/\/archive.sana.sy\/tr\/wp-content\/uploads\/2022\/09\/photo_2022-09-22_22-33-07.jpg 1280w, https:\/\/archive.sana.sy\/tr\/wp-content\/uploads\/2022\/09\/photo_2022-09-22_22-33-07-300x199.jpg 300w, https:\/\/archive.sana.sy\/tr\/wp-content\/uploads\/2022\/09\/photo_2022-09-22_22-33-07-1024x678.jpg 1024w, https:\/\/archive.sana.sy\/tr\/wp-content\/uploads\/2022\/09\/photo_2022-09-22_22-33-07-150x99.jpg 150w, https:\/\/archive.sana.sy\/tr\/wp-content\/uploads\/2022\/09\/photo_2022-09-22_22-33-07-768x508.jpg 768w, https:\/\/archive.sana.sy\/tr\/wp-content\/uploads\/2022\/09\/photo_2022-09-22_22-33-07-310x205.jpg 310w\" sizes=\"auto, (max-width: 1280px) 100vw, 1280px\" \/><\/a>\n\t\t\t<\/div><\/figure>\n\t\t<\/div>\n\n","protected":false},"excerpt":{"rendered":"<p>NEW YORK \u2013 Birle\u015fmi\u015f Milletler Genel Kurulu&#8217;nun 77. Oturumunun oturum aralar\u0131nda, D\u0131\u015fi\u015fleri ve Gurbet\u00e7iler Bakan\u0131 Faysal El Mikdad, Cezayirli mevkida\u015f\u0131 Ramtane Lamamra ile Arap arenas\u0131ndaki son geli\u015fmeleri de\u011ferlendirdi. Bakan Mikdad, Suriye&#8217;nin Cezayir&#8217;in Arap saflar\u0131n\u0131 birle\u015ftirmek ve Arap \u00fclkeleri aras\u0131ndaki dayan\u0131\u015fma ruhunu yeniden canland\u0131rmak i\u00e7in oynayabilece\u011fi role olan g\u00fcvenini dile getirdi. Buna kar\u015f\u0131l\u0131k Bakan Lamamra, Cezayir&#8217;in &hellip;<\/p>\n","protected":false},"author":36,"featured_media":263034,"comment_status":"closed","ping_status":"closed","sticky":false,"template":"","format":"standard","meta":{"footnotes":""},"categories":[458,459,17988],"tags":[],"class_list":["post-263028","post","type-post","status-publish","format-standard","has-post-thumbnail","","category-dunya1","category-haberler-arap-uluslararasi-politika","category-son-haberler"],"_links":{"self":[{"href":"https:\/\/archive.sana.sy\/tr\/index.php?rest_route=\/wp\/v2\/posts\/263028","targetHints":{"allow":["GET"]}}],"collection":[{"href":"https:\/\/archive.sana.sy\/tr\/index.php?rest_route=\/wp\/v2\/posts"}],"about":[{"href":"https:\/\/archive.sana.sy\/tr\/index.php?rest_route=\/wp\/v2\/types\/post"}],"author":[{"embeddable":true,"href":"https:\/\/archive.sana.sy\/tr\/index.php?rest_route=\/wp\/v2\/users\/36"}],"replies":[{"embeddable":true,"href":"https:\/\/archive.sana.sy\/tr\/index.php?rest_route=%2Fwp%2Fv2%2Fcomments&post=263028"}],"version-history":[{"count":0,"href":"https:\/\/archive.sana.sy\/tr\/index.php?rest_route=\/wp\/v2\/posts\/263028\/revisions"}],"wp:featuredmedia":[{"embeddable":true,"href":"https:\/\/archive.sana.sy\/tr\/index.php?rest_route=\/wp\/v2\/media\/263034"}],"wp:attachment":[{"href":"https:\/\/archive.sana.sy\/tr\/index.php?rest_route=%2Fwp%2Fv2%2Fmedia&parent=263028"}],"wp:term":[{"taxonomy":"category","embeddable":true,"href":"https:\/\/archive.sana.sy\/tr\/index.php?rest_route=%2Fwp%2Fv2%2Fcategories&post=263028"},{"taxonomy":"post_tag","embeddable":true,"href":"https:\/\/archive.sana.sy\/tr\/index.php?rest_route=%2Fwp%2Fv2%2Ftags&post=263028"}],"curies":[{"name":"wp","href":"https:\/\/api.w.org\/{rel}","templated":true}]}}