{"id":263039,"date":"2022-09-23T09:47:58","date_gmt":"2022-09-23T06:47:58","guid":{"rendered":"http:\/\/107.6.182.27\/tr\/?p=263039"},"modified":"2022-09-24T09:47:38","modified_gmt":"2022-09-24T06:47:38","slug":"mikdad-filistin-devlet-baskani-ve-sirbistan-disisleri-bakani-ile-gorustu","status":"publish","type":"post","link":"https:\/\/archive.sana.sy\/tr\/?p=263039","title":{"rendered":"Mikdad, Filistin Devlet Ba\u015fkan\u0131 ve S\u0131rbistan D\u0131\u015fi\u015fleri Bakan\u0131 \u0130le G\u00f6r\u00fc\u015ft\u00fc"},"content":{"rendered":"<p>Filistin Devlet Ba\u015fkan\u0131 Mahmud Abbas ile D\u0131\u015fi\u015fleri ve Gurbet\u00e7iler Bakan\u0131 Faysal Mikdad aras\u0131nda Birle\u015fmi\u015f Milletler Genel Kurulu&#8217;nun 77. oturumu aralar\u0131nda yap\u0131lan g\u00f6r\u00fc\u015fmede, i\u015fgal alt\u0131nda Filistin&#8217;deki son geli\u015fmeler ve \u0130srail&#8217;in Filistin&#8217;e y\u00f6nelik devam eden sald\u0131rganl\u0131\u011f\u0131 ele al\u0131nd\u0131.<\/p>\n<p><img loading=\"lazy\" decoding=\"async\" class=\"size-medium wp-image-263040 alignright\" src=\"http:\/\/107.6.182.27\/tr\/wp-content\/uploads\/2022\/09\/1-12-300x200.jpg\" alt=\"\" width=\"300\" height=\"200\" srcset=\"https:\/\/archive.sana.sy\/tr\/wp-content\/uploads\/2022\/09\/1-12-300x200.jpg 300w, https:\/\/archive.sana.sy\/tr\/wp-content\/uploads\/2022\/09\/1-12-150x100.jpg 150w, https:\/\/archive.sana.sy\/tr\/wp-content\/uploads\/2022\/09\/1-12.jpg 660w\" sizes=\"auto, (max-width: 300px) 100vw, 300px\" \/>Filistin Devlet Ba\u015fkan\u0131 Abbas, Filistin&#8217;in uluslararas\u0131 arenada ve Birle\u015fmi\u015f Milletler&#8217;de Filistin halk\u0131n\u0131n haklar\u0131n\u0131 savunmak i\u00e7in g\u00f6sterdi\u011fi \u00e7abalar\u0131 de\u011ferlendirdi.<\/p>\n<p>Bakan Mikdad, Suriye&#8217;nin \u0130srail&#8217;in Filistinlilere y\u00f6nelik i\u015fgal uygulamalar\u0131n\u0131 k\u0131nad\u0131\u011f\u0131n\u0131 belirtirken, Suriye&#8217;nin, i\u015fgal alt\u0131ndaki topraklar\u0131n\u0131 \u00f6zg\u00fcrle\u015ftirme ve ba\u015fkenti Kud\u00fcs olan t\u00fcm topraklar\u0131nda ba\u011f\u0131ms\u0131z, egemen bir devlet kurma m\u00fccadelesinde karde\u015f Filistin halk\u0131na verdi\u011fi deste\u011fi yineledi.<\/p>\n<p>Mikdad, Suriye&#8217;nin Filistin Devleti&#8217;nin Birle\u015fmi\u015f Milletler&#8217;e tam \u00fcyelik yakla\u015f\u0131m\u0131n\u0131 destekledi\u011fini belirtti.<\/p>\n<p><img loading=\"lazy\" decoding=\"async\" class=\"size-medium wp-image-263041 alignright\" src=\"http:\/\/107.6.182.27\/tr\/wp-content\/uploads\/2022\/09\/3-7-300x203.jpg\" alt=\"\" width=\"300\" height=\"203\" srcset=\"https:\/\/archive.sana.sy\/tr\/wp-content\/uploads\/2022\/09\/3-7-300x203.jpg 300w, https:\/\/archive.sana.sy\/tr\/wp-content\/uploads\/2022\/09\/3-7-150x101.jpg 150w, https:\/\/archive.sana.sy\/tr\/wp-content\/uploads\/2022\/09\/3-7-110x75.jpg 110w, https:\/\/archive.sana.sy\/tr\/wp-content\/uploads\/2022\/09\/3-7.jpg 660w\" sizes=\"auto, (max-width: 300px) 100vw, 300px\" \/>Bakan Mikdad, iki bakan\u0131n uluslararas\u0131 sahnedeki geli\u015fmeleri g\u00f6zden ge\u00e7irdi\u011fi S\u0131rbistan Cumhuriyeti D\u0131\u015fi\u015fleri Bakan\u0131 Nikola Silakovi\u00e7 ile bir araya geldi.<\/p>\n<p>\u0130ki bakan, iki dost \u00fclke aras\u0131nda \u00e7e\u015fitli siyasi, ekonomik ve k\u00fclt\u00fcrel d\u00fczeylerde ikili ili\u015fkileri geli\u015ftirmenin yollar\u0131n\u0131 g\u00f6r\u00fc\u015ft\u00fc.<\/p>\n<p>Bakan Mikdad, Suriye&#8217;deki duruma ili\u015fkin son geli\u015fmeleri aktararak, S\u0131rbistan&#8217;\u0131n ter\u00f6rle m\u00fccadelede Suriye&#8217;ye y\u00f6nelik destekleyici duru\u015funu \u00f6vd\u00fc.<\/p>\n<p><img loading=\"lazy\" decoding=\"async\" class=\"size-medium wp-image-263042 alignright\" src=\"http:\/\/107.6.182.27\/tr\/wp-content\/uploads\/2022\/09\/2-7-300x168.jpg\" alt=\"\" width=\"300\" height=\"168\" srcset=\"https:\/\/archive.sana.sy\/tr\/wp-content\/uploads\/2022\/09\/2-7-300x168.jpg 300w, https:\/\/archive.sana.sy\/tr\/wp-content\/uploads\/2022\/09\/2-7-150x84.jpg 150w, https:\/\/archive.sana.sy\/tr\/wp-content\/uploads\/2022\/09\/2-7.jpg 660w\" sizes=\"auto, (max-width: 300px) 100vw, 300px\" \/>Buna kar\u015f\u0131l\u0131k Bakan Silakovich, \u00fclkesinin Suriye&#8217;de g\u00fcvenlik ve istikrar\u0131 yeniden sa\u011flamaya ve Suriye&#8217;yi ter\u00f6rden ar\u0131nd\u0131rmaya verdi\u011fi deste\u011fi belirtirken, Suriye&#8217;nin egemenli\u011fine, ba\u011f\u0131ms\u0131zl\u0131\u011f\u0131na ve toprak b\u00fct\u00fcnl\u00fc\u011f\u00fcne sayg\u0131 g\u00f6sterilmesi gerekti\u011fini vurgulad\u0131.<\/p>\n<p>\u0130ki toplant\u0131ya Suriye&#8217;nin Birle\u015fmi\u015f Milletler Daimi Temsilcisi B\u00fcy\u00fckel\u00e7i Bessam Sabba\u011f, \u00d6rg\u00fctler Departman\u0131 Direkt\u00f6r\u00fc Rania El Hajj Ali ve Daimi Temsilci Yard\u0131mc\u0131s\u0131 Hakam Dundee ve D\u0131\u015fi\u015fleri ve Gurbet\u00e7iler Bakan\u0131\u2019n\u0131n \u00f6fesinden \u0130hab Hamed kat\u0131ld\u0131.<\/p>\n<p><span style=\"color: #0000ff;\">#Telegram_Kanal\u0131m\u0131z:\u00a0<a style=\"color: #0000ff;\" href=\"https:\/\/t.me\/SuriyeArapHaberAjans\">https:\/\/t.me\/SuriyeArapHaberAjans\u0131<\/a><\/span><\/p>\n","protected":false},"excerpt":{"rendered":"<p>Filistin Devlet Ba\u015fkan\u0131 Mahmud Abbas ile D\u0131\u015fi\u015fleri ve Gurbet\u00e7iler Bakan\u0131 Faysal Mikdad aras\u0131nda Birle\u015fmi\u015f Milletler Genel Kurulu&#8217;nun 77. oturumu aralar\u0131nda yap\u0131lan g\u00f6r\u00fc\u015fmede, i\u015fgal alt\u0131nda Filistin&#8217;deki son geli\u015fmeler ve \u0130srail&#8217;in Filistin&#8217;e y\u00f6nelik devam eden sald\u0131rganl\u0131\u011f\u0131 ele al\u0131nd\u0131. Filistin Devlet Ba\u015fkan\u0131 Abbas, Filistin&#8217;in uluslararas\u0131 arenada ve Birle\u015fmi\u015f Milletler&#8217;de Filistin halk\u0131n\u0131n haklar\u0131n\u0131 savunmak i\u00e7in g\u00f6sterdi\u011fi \u00e7abalar\u0131 de\u011ferlendirdi. Bakan &hellip;<\/p>\n","protected":false},"author":36,"featured_media":263043,"comment_status":"closed","ping_status":"closed","sticky":false,"template":"","format":"standard","meta":{"footnotes":""},"categories":[458,459,17988],"tags":[],"class_list":["post-263039","post","type-post","status-publish","format-standard","has-post-thumbnail","","category-dunya1","category-haberler-arap-uluslararasi-politika","category-son-haberler"],"_links":{"self":[{"href":"https:\/\/archive.sana.sy\/tr\/index.php?rest_route=\/wp\/v2\/posts\/263039","targetHints":{"allow":["GET"]}}],"collection":[{"href":"https:\/\/archive.sana.sy\/tr\/index.php?rest_route=\/wp\/v2\/posts"}],"about":[{"href":"https:\/\/archive.sana.sy\/tr\/index.php?rest_route=\/wp\/v2\/types\/post"}],"author":[{"embeddable":true,"href":"https:\/\/archive.sana.sy\/tr\/index.php?rest_route=\/wp\/v2\/users\/36"}],"replies":[{"embeddable":true,"href":"https:\/\/archive.sana.sy\/tr\/index.php?rest_route=%2Fwp%2Fv2%2Fcomments&post=263039"}],"version-history":[{"count":0,"href":"https:\/\/archive.sana.sy\/tr\/index.php?rest_route=\/wp\/v2\/posts\/263039\/revisions"}],"wp:featuredmedia":[{"embeddable":true,"href":"https:\/\/archive.sana.sy\/tr\/index.php?rest_route=\/wp\/v2\/media\/263043"}],"wp:attachment":[{"href":"https:\/\/archive.sana.sy\/tr\/index.php?rest_route=%2Fwp%2Fv2%2Fmedia&parent=263039"}],"wp:term":[{"taxonomy":"category","embeddable":true,"href":"https:\/\/archive.sana.sy\/tr\/index.php?rest_route=%2Fwp%2Fv2%2Fcategories&post=263039"},{"taxonomy":"post_tag","embeddable":true,"href":"https:\/\/archive.sana.sy\/tr\/index.php?rest_route=%2Fwp%2Fv2%2Ftags&post=263039"}],"curies":[{"name":"wp","href":"https:\/\/api.w.org\/{rel}","templated":true}]}}