{"id":263050,"date":"2022-09-23T22:00:09","date_gmt":"2022-09-23T19:00:09","guid":{"rendered":"http:\/\/107.6.182.27\/tr\/?p=263050"},"modified":"2022-09-25T08:26:36","modified_gmt":"2022-09-25T05:26:36","slug":"dera-kirsalindaki-casim-bolgesinde-7-isid-teroristi-etkisiz-hale-getirildi","status":"publish","type":"post","link":"https:\/\/archive.sana.sy\/tr\/?p=263050","title":{"rendered":"Dera K\u0131rsal\u0131ndaki Casim B\u00f6lgesinde 7 I\u015e\u0130D Ter\u00f6risti Etkisiz Hale Getirildi"},"content":{"rendered":"<p>DERA \u2013 G\u00fcvenlik g\u00fc\u00e7lerine ait bir birlik, Dera k\u0131rsal\u0131n\u0131n kuzeybat\u0131s\u0131ndaki \u00a0Casim kenti yak\u0131nlar\u0131nda \u00e7ok say\u0131da DA\u0130\u015e&#8217;li ter\u00f6risti etkisiz hale getirdi.<\/p>\n<p>Bir g\u00fcvenlik kayna\u011f\u0131n\u0131n SANA muhabirine yapt\u0131\u011f\u0131 a\u00e7\u0131klamada, &#8220;Casim&#8217;in kuzeybat\u0131 k\u0131rsal\u0131ndaki \u00e7iftliklerinden birine \u201cI\u015e\u0130D\u201d ter\u00f6r yuvalar\u0131ndan biri olan g\u00fcvenlik g\u00fc\u00e7lerinin d\u00fczenledi\u011fi bask\u0131n s\u0131ras\u0131nda, Tekfirci \u00f6rg\u00fct ter\u00f6ristlerinden yedisi etkisiz hale getirildi&#8221; dedi.<\/p>\n<p>Kaynak, operasyonun ayr\u0131ca ter\u00f6ristlerle \u00e7at\u0131\u015ft\u0131\u011f\u0131 s\u0131rada g\u00fcvenlik yetkilileriyle birlikte \u00e7al\u0131\u015fan yard\u0131mc\u0131 g\u00fc\u00e7lerden birinin \u015fehit d\u00fc\u015fmesine sonu\u00e7land\u0131\u011f\u0131n\u0131 da s\u00f6zlerine ekledi.<\/p>\n<p><span style=\"color: #0000ff;\">#Telegram_Kanal\u0131m\u0131z:\u00a0<a style=\"color: #0000ff;\" href=\"https:\/\/t.me\/SuriyeArapHaberAjans\">https:\/\/t.me\/SuriyeArapHaberAjans\u0131<\/a><\/span><\/p>\n","protected":false},"excerpt":{"rendered":"<p>DERA \u2013 G\u00fcvenlik g\u00fc\u00e7lerine ait bir birlik, Dera k\u0131rsal\u0131n\u0131n kuzeybat\u0131s\u0131ndaki \u00a0Casim kenti yak\u0131nlar\u0131nda \u00e7ok say\u0131da DA\u0130\u015e&#8217;li ter\u00f6risti etkisiz hale getirdi. Bir g\u00fcvenlik kayna\u011f\u0131n\u0131n SANA muhabirine yapt\u0131\u011f\u0131 a\u00e7\u0131klamada, &#8220;Casim&#8217;in kuzeybat\u0131 k\u0131rsal\u0131ndaki \u00e7iftliklerinden birine \u201cI\u015e\u0130D\u201d ter\u00f6r yuvalar\u0131ndan biri olan g\u00fcvenlik g\u00fc\u00e7lerinin d\u00fczenledi\u011fi bask\u0131n s\u0131ras\u0131nda, Tekfirci \u00f6rg\u00fct ter\u00f6ristlerinden yedisi etkisiz hale getirildi&#8221; dedi. Kaynak, operasyonun ayr\u0131ca ter\u00f6ristlerle \u00e7at\u0131\u015ft\u0131\u011f\u0131 &hellip;<\/p>\n","protected":false},"author":36,"featured_media":263053,"comment_status":"closed","ping_status":"closed","sticky":false,"template":"","format":"standard","meta":{"footnotes":""},"categories":[479,575,17988,478],"tags":[],"class_list":["post-263050","post","type-post","status-publish","format-standard","has-post-thumbnail","","category-haberler-yerel","category-olaylar-ve-gercekler","category-son-haberler","category-yerel"],"_links":{"self":[{"href":"https:\/\/archive.sana.sy\/tr\/index.php?rest_route=\/wp\/v2\/posts\/263050","targetHints":{"allow":["GET"]}}],"collection":[{"href":"https:\/\/archive.sana.sy\/tr\/index.php?rest_route=\/wp\/v2\/posts"}],"about":[{"href":"https:\/\/archive.sana.sy\/tr\/index.php?rest_route=\/wp\/v2\/types\/post"}],"author":[{"embeddable":true,"href":"https:\/\/archive.sana.sy\/tr\/index.php?rest_route=\/wp\/v2\/users\/36"}],"replies":[{"embeddable":true,"href":"https:\/\/archive.sana.sy\/tr\/index.php?rest_route=%2Fwp%2Fv2%2Fcomments&post=263050"}],"version-history":[{"count":0,"href":"https:\/\/archive.sana.sy\/tr\/index.php?rest_route=\/wp\/v2\/posts\/263050\/revisions"}],"wp:featuredmedia":[{"embeddable":true,"href":"https:\/\/archive.sana.sy\/tr\/index.php?rest_route=\/wp\/v2\/media\/263053"}],"wp:attachment":[{"href":"https:\/\/archive.sana.sy\/tr\/index.php?rest_route=%2Fwp%2Fv2%2Fmedia&parent=263050"}],"wp:term":[{"taxonomy":"category","embeddable":true,"href":"https:\/\/archive.sana.sy\/tr\/index.php?rest_route=%2Fwp%2Fv2%2Fcategories&post=263050"},{"taxonomy":"post_tag","embeddable":true,"href":"https:\/\/archive.sana.sy\/tr\/index.php?rest_route=%2Fwp%2Fv2%2Ftags&post=263050"}],"curies":[{"name":"wp","href":"https:\/\/api.w.org\/{rel}","templated":true}]}}