{"id":263055,"date":"2022-09-23T22:36:09","date_gmt":"2022-09-23T19:36:09","guid":{"rendered":"http:\/\/107.6.182.27\/tr\/?p=263055"},"modified":"2022-09-25T08:26:48","modified_gmt":"2022-09-25T05:26:48","slug":"mikdad-ve-lavrov-iki-dost-ulke-arasinda-stratejik-iliskiler-gelistirme-yolunda-ilerlemek","status":"publish","type":"post","link":"https:\/\/archive.sana.sy\/tr\/?p=263055","title":{"rendered":"Mikdad ve Lavrov: \u0130ki Dost \u00dclke Aras\u0131nda Stratejik \u0130li\u015fkiler Geli\u015ftirme Yolunda \u0130lerlemek"},"content":{"rendered":"<p>NEW YORK \u2013 D\u0131\u015fi\u015fleri ve Gurbet\u00e7iler Bakan\u0131 Dr. Faysal El Mikdad, Rus mevkida\u015f\u0131 Sergey Lavrov ile Birle\u015fmi\u015f Milletler Genel Kurulu toplant\u0131lar\u0131n\u0131n oturum aralar\u0131nda bir dizi ortak endi\u015fe konusu \u00fczerinde g\u00f6r\u00fc\u015ft\u00fc.<\/p>\n<p><img loading=\"lazy\" decoding=\"async\" class=\"size-medium wp-image-263056 alignright\" src=\"http:\/\/107.6.182.27\/tr\/wp-content\/uploads\/2022\/09\/4-4-300x262.jpg\" alt=\"\" width=\"300\" height=\"262\" srcset=\"https:\/\/archive.sana.sy\/tr\/wp-content\/uploads\/2022\/09\/4-4-300x262.jpg 300w, https:\/\/archive.sana.sy\/tr\/wp-content\/uploads\/2022\/09\/4-4-1024x895.jpg 1024w, https:\/\/archive.sana.sy\/tr\/wp-content\/uploads\/2022\/09\/4-4-150x131.jpg 150w, https:\/\/archive.sana.sy\/tr\/wp-content\/uploads\/2022\/09\/4-4-768x671.jpg 768w, https:\/\/archive.sana.sy\/tr\/wp-content\/uploads\/2022\/09\/4-4-1536x1343.jpg 1536w, https:\/\/archive.sana.sy\/tr\/wp-content\/uploads\/2022\/09\/4-4-2048x1790.jpg 2048w\" sizes=\"auto, (max-width: 300px) 100vw, 300px\" \/>\u0130ki Bakan, iki dost \u00fclke aras\u0131ndaki ili\u015fkilerin stratejik ve tarihi oldu\u011funu belirtirken, her iki taraf\u0131n da \u00e7e\u015fitli alanlarda geli\u015fimini ilerletme kararl\u0131l\u0131\u011f\u0131n\u0131 vurgulad\u0131lar.<\/p>\n<p>Toplant\u0131da, uluslararas\u0131 arenada ve Bat\u0131 ve tek kutuplu hegemonya zihniyetinden uzakla\u015farak, uluslararas\u0131 hukuk kurallar\u0131na ve Birle\u015fmi\u015f Milletler \u015eart\u0131 h\u00fck\u00fcmlerine dayal\u0131 \u00e7ok kutuplu bir d\u00fcnya d\u00fczeni in\u015fa etmeye devam etmenin \u00f6nemi konusunda g\u00f6r\u00fc\u015f birli\u011fine var\u0131lan b\u00f6lgedeki geli\u015fmeler ele al\u0131nd\u0131.<\/p>\n<p>Bu ba\u011flamda Bakan Mikdad, Suriye&#8217;nin Rus \u00f6zel askeri operasyonuna verdi\u011fi deste\u011fi ve Rusya&#8217;n\u0131n tehditler ve sald\u0131rgan Bat\u0131 politikalar\u0131 kar\u015f\u0131s\u0131nda kendisini savunma hakk\u0131n\u0131 yineledi.<\/p>\n<p>Lavrov, \u00fclkesinin Suriye&#8217;nin egemenli\u011fini, ba\u011f\u0131ms\u0131zl\u0131\u011f\u0131n\u0131, birli\u011fini ve toprak b\u00fct\u00fcnl\u00fc\u011f\u00fcn\u00fc korumak, ter\u00f6rle m\u00fccadele etmek ve Suriyelilerin ya\u015fam\u0131n\u0131 olumsuz etkileyen tek tarafl\u0131 zorlay\u0131c\u0131 yapt\u0131r\u0131mlara kar\u015f\u0131 koymak i\u00e7in Suriye&#8217;ye \u00e7e\u015fitli \u015fekillerde destek sa\u011flamaya devam etti\u011fini ifade etti.<\/p>\n<p><span style=\"color: #0000ff;\">#Telegram_Kanal\u0131m\u0131z:\u00a0<a style=\"color: #0000ff;\" href=\"https:\/\/t.me\/SuriyeArapHaberAjans\">https:\/\/t.me\/SuriyeArapHaberAjans\u0131<\/a><\/span><\/p>\n","protected":false},"excerpt":{"rendered":"<p>NEW YORK \u2013 D\u0131\u015fi\u015fleri ve Gurbet\u00e7iler Bakan\u0131 Dr. Faysal El Mikdad, Rus mevkida\u015f\u0131 Sergey Lavrov ile Birle\u015fmi\u015f Milletler Genel Kurulu toplant\u0131lar\u0131n\u0131n oturum aralar\u0131nda bir dizi ortak endi\u015fe konusu \u00fczerinde g\u00f6r\u00fc\u015ft\u00fc. \u0130ki Bakan, iki dost \u00fclke aras\u0131ndaki ili\u015fkilerin stratejik ve tarihi oldu\u011funu belirtirken, her iki taraf\u0131n da \u00e7e\u015fitli alanlarda geli\u015fimini ilerletme kararl\u0131l\u0131\u011f\u0131n\u0131 vurgulad\u0131lar. Toplant\u0131da, uluslararas\u0131 arenada &hellip;<\/p>\n","protected":false},"author":36,"featured_media":263057,"comment_status":"closed","ping_status":"closed","sticky":false,"template":"","format":"standard","meta":{"footnotes":""},"categories":[458,459,17988],"tags":[],"class_list":["post-263055","post","type-post","status-publish","format-standard","has-post-thumbnail","","category-dunya1","category-haberler-arap-uluslararasi-politika","category-son-haberler"],"_links":{"self":[{"href":"https:\/\/archive.sana.sy\/tr\/index.php?rest_route=\/wp\/v2\/posts\/263055","targetHints":{"allow":["GET"]}}],"collection":[{"href":"https:\/\/archive.sana.sy\/tr\/index.php?rest_route=\/wp\/v2\/posts"}],"about":[{"href":"https:\/\/archive.sana.sy\/tr\/index.php?rest_route=\/wp\/v2\/types\/post"}],"author":[{"embeddable":true,"href":"https:\/\/archive.sana.sy\/tr\/index.php?rest_route=\/wp\/v2\/users\/36"}],"replies":[{"embeddable":true,"href":"https:\/\/archive.sana.sy\/tr\/index.php?rest_route=%2Fwp%2Fv2%2Fcomments&post=263055"}],"version-history":[{"count":0,"href":"https:\/\/archive.sana.sy\/tr\/index.php?rest_route=\/wp\/v2\/posts\/263055\/revisions"}],"wp:featuredmedia":[{"embeddable":true,"href":"https:\/\/archive.sana.sy\/tr\/index.php?rest_route=\/wp\/v2\/media\/263057"}],"wp:attachment":[{"href":"https:\/\/archive.sana.sy\/tr\/index.php?rest_route=%2Fwp%2Fv2%2Fmedia&parent=263055"}],"wp:term":[{"taxonomy":"category","embeddable":true,"href":"https:\/\/archive.sana.sy\/tr\/index.php?rest_route=%2Fwp%2Fv2%2Fcategories&post=263055"},{"taxonomy":"post_tag","embeddable":true,"href":"https:\/\/archive.sana.sy\/tr\/index.php?rest_route=%2Fwp%2Fv2%2Ftags&post=263055"}],"curies":[{"name":"wp","href":"https:\/\/api.w.org\/{rel}","templated":true}]}}