{"id":263059,"date":"2022-09-23T21:39:29","date_gmt":"2022-09-23T18:39:29","guid":{"rendered":"http:\/\/107.6.182.27\/tr\/?p=263059"},"modified":"2022-09-25T08:28:24","modified_gmt":"2022-09-25T05:28:24","slug":"ukraynadaki-rus-askeri-operasyonundaki-gelismeler-39","status":"publish","type":"post","link":"https:\/\/archive.sana.sy\/tr\/?p=263059","title":{"rendered":"Ukrayna\u2019daki Rus Askeri Operasyonundaki Geli\u015fmeler"},"content":{"rendered":"<ul>\n<li>Rusya D\u0131\u015fi\u015fleri Bakanl\u0131\u011f\u0131: Kimseyi n\u00fckleer silahlarla tehdit etmiyoruz<\/li>\n<li>Rus ordusu bir g\u00fcnde 3 sava\u015f\u00e7\u0131y\u0131 ve 19 Ukrayna \u0130HA\u2019s\u0131n\u0131 d\u00fc\u015f\u00fcrd\u00fc<\/li>\n<li>Rus hava kuvvetleri, Ukrayna z\u0131rhl\u0131 ara\u00e7lar\u0131n\u0131n sald\u0131r\u0131 plan\u0131n\u0131 engelledi<\/li>\n<li>Lugansk: Ukrayna g\u00fc\u00e7leri yerle\u015fim b\u00f6lgelerini bombalayarak referandum s\u00fcrecini bozmaya \u00e7al\u0131\u015f\u0131yor<\/li>\n<\/ul>\n<p><span style=\"color: #0000ff;\">#Telegram_Kanal\u0131m\u0131z:\u00a0<a style=\"color: #0000ff;\" href=\"https:\/\/t.me\/SuriyeArapHaberAjans\">https:\/\/t.me\/SuriyeArapHaberAjans\u0131<\/a><\/span><\/p>\n","protected":false},"excerpt":{"rendered":"<p>Rusya D\u0131\u015fi\u015fleri Bakanl\u0131\u011f\u0131: Kimseyi n\u00fckleer silahlarla tehdit etmiyoruz Rus ordusu bir g\u00fcnde 3 sava\u015f\u00e7\u0131y\u0131 ve 19 Ukrayna \u0130HA\u2019s\u0131n\u0131 d\u00fc\u015f\u00fcrd\u00fc Rus hava kuvvetleri, Ukrayna z\u0131rhl\u0131 ara\u00e7lar\u0131n\u0131n sald\u0131r\u0131 plan\u0131n\u0131 engelledi Lugansk: Ukrayna g\u00fc\u00e7leri yerle\u015fim b\u00f6lgelerini bombalayarak referandum s\u00fcrecini bozmaya \u00e7al\u0131\u015f\u0131yor #Telegram_Kanal\u0131m\u0131z:\u00a0https:\/\/t.me\/SuriyeArapHaberAjans\u0131<\/p>\n","protected":false},"author":36,"featured_media":263060,"comment_status":"closed","ping_status":"closed","sticky":false,"template":"","format":"standard","meta":{"footnotes":""},"categories":[458,459],"tags":[],"class_list":["post-263059","post","type-post","status-publish","format-standard","has-post-thumbnail","","category-dunya1","category-haberler-arap-uluslararasi-politika"],"_links":{"self":[{"href":"https:\/\/archive.sana.sy\/tr\/index.php?rest_route=\/wp\/v2\/posts\/263059","targetHints":{"allow":["GET"]}}],"collection":[{"href":"https:\/\/archive.sana.sy\/tr\/index.php?rest_route=\/wp\/v2\/posts"}],"about":[{"href":"https:\/\/archive.sana.sy\/tr\/index.php?rest_route=\/wp\/v2\/types\/post"}],"author":[{"embeddable":true,"href":"https:\/\/archive.sana.sy\/tr\/index.php?rest_route=\/wp\/v2\/users\/36"}],"replies":[{"embeddable":true,"href":"https:\/\/archive.sana.sy\/tr\/index.php?rest_route=%2Fwp%2Fv2%2Fcomments&post=263059"}],"version-history":[{"count":0,"href":"https:\/\/archive.sana.sy\/tr\/index.php?rest_route=\/wp\/v2\/posts\/263059\/revisions"}],"wp:featuredmedia":[{"embeddable":true,"href":"https:\/\/archive.sana.sy\/tr\/index.php?rest_route=\/wp\/v2\/media\/263060"}],"wp:attachment":[{"href":"https:\/\/archive.sana.sy\/tr\/index.php?rest_route=%2Fwp%2Fv2%2Fmedia&parent=263059"}],"wp:term":[{"taxonomy":"category","embeddable":true,"href":"https:\/\/archive.sana.sy\/tr\/index.php?rest_route=%2Fwp%2Fv2%2Fcategories&post=263059"},{"taxonomy":"post_tag","embeddable":true,"href":"https:\/\/archive.sana.sy\/tr\/index.php?rest_route=%2Fwp%2Fv2%2Ftags&post=263059"}],"curies":[{"name":"wp","href":"https:\/\/api.w.org\/{rel}","templated":true}]}}