{"id":263069,"date":"2022-09-24T11:09:05","date_gmt":"2022-09-24T08:09:05","guid":{"rendered":"http:\/\/107.6.182.27\/tr\/?p=263069"},"modified":"2022-09-26T08:07:02","modified_gmt":"2022-09-26T05:07:02","slug":"israil-isgal-gucleri-bati-yakada-5-filistinliyi-tutukladi-12","status":"publish","type":"post","link":"https:\/\/archive.sana.sy\/tr\/?p=263069","title":{"rendered":"\u0130srail \u0130\u015fgal G\u00fc\u00e7leri, Bat\u0131 Yaka\u2019da 5 Filistinliyi Tutuklad\u0131"},"content":{"rendered":"<p>\u0130\u015eGAL ED\u0130LEN KUD\u00dcS \u2013 \u0130srail i\u015fgal g\u00fc\u00e7leri, Bat\u0131 Yaka\u2019n\u0131n farkl\u0131 b\u00f6lgelerinde 5 Filistinliyi tutuklad\u0131.<\/p>\n<p>Filistinli WAFA Haber Ajans\u0131, i\u015fgal g\u00fc\u00e7lerinin Nablus&#8217;un do\u011fusundaki Balata m\u00fclteci kamp\u0131na bask\u0131n d\u00fczenledi\u011fini ve iki Filistinliyi tutuklad\u0131\u011f\u0131n\u0131 belirtirken, di\u011fer ikisinin ise Beyt Furik beldesindeki kontrol noktalar\u0131ndan birinin yak\u0131n\u0131ndan ge\u00e7erken tutukland\u0131\u011f\u0131na i\u015faret etti.<\/p>\n<p>Bu kapsamda i\u015fgal g\u00fc\u00e7leri Ramallah&#8217;\u0131n kuzeybat\u0131s\u0131ndaki Kafr Ayn k\u00f6y\u00fcndeki evine bask\u0131n d\u00fczenleyen bir Filistinliyi tutuklad\u0131.<\/p>\n<p><span style=\"color: #0000ff;\">#Telegram_Kanal\u0131m\u0131z:\u00a0<a style=\"color: #0000ff;\" href=\"https:\/\/t.me\/SuriyeArapHaberAjans\">https:\/\/t.me\/SuriyeArapHaberAjans\u0131<\/a><\/span><\/p>\n","protected":false},"excerpt":{"rendered":"<p>\u0130\u015eGAL ED\u0130LEN KUD\u00dcS \u2013 \u0130srail i\u015fgal g\u00fc\u00e7leri, Bat\u0131 Yaka\u2019n\u0131n farkl\u0131 b\u00f6lgelerinde 5 Filistinliyi tutuklad\u0131. Filistinli WAFA Haber Ajans\u0131, i\u015fgal g\u00fc\u00e7lerinin Nablus&#8217;un do\u011fusundaki Balata m\u00fclteci kamp\u0131na bask\u0131n d\u00fczenledi\u011fini ve iki Filistinliyi tutuklad\u0131\u011f\u0131n\u0131 belirtirken, di\u011fer ikisinin ise Beyt Furik beldesindeki kontrol noktalar\u0131ndan birinin yak\u0131n\u0131ndan ge\u00e7erken tutukland\u0131\u011f\u0131na i\u015faret etti. Bu kapsamda i\u015fgal g\u00fc\u00e7leri Ramallah&#8217;\u0131n kuzeybat\u0131s\u0131ndaki Kafr Ayn k\u00f6y\u00fcndeki &hellip;<\/p>\n","protected":false},"author":36,"featured_media":263070,"comment_status":"closed","ping_status":"closed","sticky":false,"template":"","format":"standard","meta":{"footnotes":""},"categories":[458,459,17988],"tags":[],"class_list":["post-263069","post","type-post","status-publish","format-standard","has-post-thumbnail","","category-dunya1","category-haberler-arap-uluslararasi-politika","category-son-haberler"],"_links":{"self":[{"href":"https:\/\/archive.sana.sy\/tr\/index.php?rest_route=\/wp\/v2\/posts\/263069","targetHints":{"allow":["GET"]}}],"collection":[{"href":"https:\/\/archive.sana.sy\/tr\/index.php?rest_route=\/wp\/v2\/posts"}],"about":[{"href":"https:\/\/archive.sana.sy\/tr\/index.php?rest_route=\/wp\/v2\/types\/post"}],"author":[{"embeddable":true,"href":"https:\/\/archive.sana.sy\/tr\/index.php?rest_route=\/wp\/v2\/users\/36"}],"replies":[{"embeddable":true,"href":"https:\/\/archive.sana.sy\/tr\/index.php?rest_route=%2Fwp%2Fv2%2Fcomments&post=263069"}],"version-history":[{"count":0,"href":"https:\/\/archive.sana.sy\/tr\/index.php?rest_route=\/wp\/v2\/posts\/263069\/revisions"}],"wp:featuredmedia":[{"embeddable":true,"href":"https:\/\/archive.sana.sy\/tr\/index.php?rest_route=\/wp\/v2\/media\/263070"}],"wp:attachment":[{"href":"https:\/\/archive.sana.sy\/tr\/index.php?rest_route=%2Fwp%2Fv2%2Fmedia&parent=263069"}],"wp:term":[{"taxonomy":"category","embeddable":true,"href":"https:\/\/archive.sana.sy\/tr\/index.php?rest_route=%2Fwp%2Fv2%2Fcategories&post=263069"},{"taxonomy":"post_tag","embeddable":true,"href":"https:\/\/archive.sana.sy\/tr\/index.php?rest_route=%2Fwp%2Fv2%2Ftags&post=263069"}],"curies":[{"name":"wp","href":"https:\/\/api.w.org\/{rel}","templated":true}]}}