{"id":263077,"date":"2022-09-24T14:20:47","date_gmt":"2022-09-24T11:20:47","guid":{"rendered":"http:\/\/107.6.182.27\/tr\/?p=263077"},"modified":"2022-09-25T08:24:53","modified_gmt":"2022-09-25T05:24:53","slug":"hsm-isgalci-turkiyenin-icme-suyunu-kesmeye-devam-etmesi-hastaliklarin-artmasina-yol-acti","status":"publish","type":"post","link":"https:\/\/archive.sana.sy\/tr\/?p=263077","title":{"rendered":"HSM: \u0130\u015fgalci T\u00fcrkiye\u2019nin i\u00e7me Suyunu Kesmeye Devam Etmesi Hastal\u0131klar\u0131n Artmas\u0131na Yol A\u00e7t\u0131"},"content":{"rendered":"<p>HASEKE &#8211; Haseke \u0130l Sa\u011fl\u0131k M\u00fcd\u00fcrl\u00fc\u011f\u00fc\u2019nden yap\u0131lan a\u00e7\u0131klamaya g\u00f6re, Haseke merkezindeki modernize t\u0131p merkezindeki acil servisine gelen ishal vakalar\u0131n\u0131n say\u0131s\u0131 bu ayda \u00f6zellikle \u00e7ocuklar aras\u0131nda artt\u0131.<\/p>\n<p>Haseke \u0130l Sa\u011fl\u0131k M\u00fcd\u00fcr\u00fc Dr. \u0130sa Halef SANA muhabirine yapt\u0131\u011f\u0131 a\u00e7\u0131klamada, bu ay\u0131n ba\u015f\u0131ndan bu yana toplam ishal vakas\u0131n\u0131n say\u0131s\u0131n\u0131n 1.475&#8217;i \u00e7ocuklar aras\u0131nda olmak \u00fczere 1.827&#8217;ye ula\u015ft\u0131\u011f\u0131na ve onlardan 521 ki\u015fi tedavi i\u00e7in merkeze al\u0131nd\u0131\u011f\u0131na dikkat \u00e7ekerek, ishalin ana nedeni, havadaki de\u011fi\u015fikliklere ek olarak g\u00fcvenilmez su kullan\u0131m\u0131 oldu\u011funu vurgulad\u0131.<\/p>\n<p>Halaf, y\u00fcksek say\u0131daki ishal ve ba\u011f\u0131rsak iltihab\u0131 vakalar\u0131na, \u0130\u015fgalci T\u00fcrkiye\u2019nin \u00a0Haseke \u015fehriden su kesmeye devam etmesi ve halk\u0131n temiz su temin etme s\u0131k\u0131nt\u0131s\u0131n\u0131n e\u015flik etti\u011fine i\u015faret etti.<\/p>\n<p><span style=\"color: #0000ff;\">#Telegram_Kanal\u0131m\u0131z:\u00a0<a style=\"color: #0000ff;\" href=\"https:\/\/t.me\/SuriyeArapHaberAjans\">https:\/\/t.me\/SuriyeArapHaberAjans\u0131<\/a><\/span><\/p>\n","protected":false},"excerpt":{"rendered":"<p>HASEKE &#8211; Haseke \u0130l Sa\u011fl\u0131k M\u00fcd\u00fcrl\u00fc\u011f\u00fc\u2019nden yap\u0131lan a\u00e7\u0131klamaya g\u00f6re, Haseke merkezindeki modernize t\u0131p merkezindeki acil servisine gelen ishal vakalar\u0131n\u0131n say\u0131s\u0131 bu ayda \u00f6zellikle \u00e7ocuklar aras\u0131nda artt\u0131. Haseke \u0130l Sa\u011fl\u0131k M\u00fcd\u00fcr\u00fc Dr. \u0130sa Halef SANA muhabirine yapt\u0131\u011f\u0131 a\u00e7\u0131klamada, bu ay\u0131n ba\u015f\u0131ndan bu yana toplam ishal vakas\u0131n\u0131n say\u0131s\u0131n\u0131n 1.475&#8217;i \u00e7ocuklar aras\u0131nda olmak \u00fczere 1.827&#8217;ye ula\u015ft\u0131\u011f\u0131na ve onlardan &hellip;<\/p>\n","protected":false},"author":41,"featured_media":263078,"comment_status":"closed","ping_status":"closed","sticky":false,"template":"","format":"standard","meta":{"footnotes":""},"categories":[479,17988,478],"tags":[],"class_list":["post-263077","post","type-post","status-publish","format-standard","has-post-thumbnail","","category-haberler-yerel","category-son-haberler","category-yerel"],"_links":{"self":[{"href":"https:\/\/archive.sana.sy\/tr\/index.php?rest_route=\/wp\/v2\/posts\/263077","targetHints":{"allow":["GET"]}}],"collection":[{"href":"https:\/\/archive.sana.sy\/tr\/index.php?rest_route=\/wp\/v2\/posts"}],"about":[{"href":"https:\/\/archive.sana.sy\/tr\/index.php?rest_route=\/wp\/v2\/types\/post"}],"author":[{"embeddable":true,"href":"https:\/\/archive.sana.sy\/tr\/index.php?rest_route=\/wp\/v2\/users\/41"}],"replies":[{"embeddable":true,"href":"https:\/\/archive.sana.sy\/tr\/index.php?rest_route=%2Fwp%2Fv2%2Fcomments&post=263077"}],"version-history":[{"count":0,"href":"https:\/\/archive.sana.sy\/tr\/index.php?rest_route=\/wp\/v2\/posts\/263077\/revisions"}],"wp:featuredmedia":[{"embeddable":true,"href":"https:\/\/archive.sana.sy\/tr\/index.php?rest_route=\/wp\/v2\/media\/263078"}],"wp:attachment":[{"href":"https:\/\/archive.sana.sy\/tr\/index.php?rest_route=%2Fwp%2Fv2%2Fmedia&parent=263077"}],"wp:term":[{"taxonomy":"category","embeddable":true,"href":"https:\/\/archive.sana.sy\/tr\/index.php?rest_route=%2Fwp%2Fv2%2Fcategories&post=263077"},{"taxonomy":"post_tag","embeddable":true,"href":"https:\/\/archive.sana.sy\/tr\/index.php?rest_route=%2Fwp%2Fv2%2Ftags&post=263077"}],"curies":[{"name":"wp","href":"https:\/\/api.w.org\/{rel}","templated":true}]}}