{"id":2631,"date":"2014-06-10T11:12:16","date_gmt":"2014-06-10T08:12:16","guid":{"rendered":"http:\/\/sanasyria.org\/tr\/?p=2631"},"modified":"2014-06-10T11:31:34","modified_gmt":"2014-06-10T08:31:34","slug":"temaslarda-ana-gundem-suriyedeki-kriz","status":"publish","type":"post","link":"https:\/\/archive.sana.sy\/tr\/?p=2631","title":{"rendered":"Temaslarda Ana G\u00fcndem Suriye&#8217;deki Kriz"},"content":{"rendered":"<p><span style=\"color: #800000\">MOSKOVA<\/span> \u2013 Rusya D\u0131\u015fi\u015fleri Bakanl\u0131\u011f\u0131, Suudi Arabistan taraf\u0131n\u0131n giri\u015fimi \u00fczerine d\u00fcn D\u0131\u015fi\u015fleri Bakan\u0131 Sergey Lavrov ile Suudi Arabistan D\u0131\u015fi\u015fleri Bakan\u0131 Saud el Faysal aras\u0131nda bir telefon g\u00f6r\u00fc\u015fmesinin yap\u0131ld\u0131\u011f\u0131n\u0131 a\u00e7\u0131klad\u0131.<\/p>\n<p>Rus bakanl\u0131k Lavrov ve Faysal aras\u0131ndaki telefon g\u00f6r\u00fc\u015fmesinde uluslar aras\u0131 ve b\u00f6lgesel d\u00fczeyde \u00f6nemli konular\u0131n ele al\u0131nd\u0131\u011f\u0131n\u0131 ifade ederken; Suriye&#8217;deki krizin siyasi ve diplomatik yollarla \u00e7\u00f6z\u00fcm\u00fcne \u00f6zel bir \u00f6nem verildi\u011fine dikkat \u00e7ekti.<\/p>\n<p>\u0130ki taraf\u0131n iki \u00fclke aras\u0131ndaki ekonomik, ticari ve enerji alanlar\u0131ndaki ili\u015fkileri de ele ald\u0131klar\u0131n\u0131 ifade eden Rus bakanl\u0131k; iki taraf\u0131n bu ili\u015fkileri etkinle\u015ftirmeye haz\u0131r olduklar\u0131n\u0131n kaydedildi\u011fini belirtti.<\/p>\n<p>\u00dc\u00e7l\u00fc Oturumda Suriye&#8217;deki Kriz Tart\u0131\u015f\u0131lacak<\/p>\n<p>Di\u011fer yandan Rusya D\u0131\u015fi\u015fleri Bakanl\u0131\u011f\u0131 Rusya, Almanya ve Polonya d\u0131\u015fi\u015fleri bakanlar\u0131n\u0131n bug\u00fcn St Petersburg\u2019da d\u00fczenleyecekleri d\u00f6rd\u00fcnc\u00fc gayr\u0131 resmi oturumlar\u0131nda Suriye ve Ukrayna\u2019daki krizlere \u00e7\u00f6z\u00fcm yollar\u0131na ilaveten Afganistan\u2019daki durumlar\u0131 masaya yat\u0131racaklar\u0131n\u0131 a\u00e7\u0131klad\u0131.<\/p>\n<p>Rus bakanl\u0131k yay\u0131nlad\u0131\u011f\u0131 beyanda oturumda \u00f6zel olarak Ukrayna\u2019daki duruma odaklan\u0131laca\u011f\u0131n\u0131 ifade ederken; Suriye ve Afganistan eksenlerindeki geli\u015fmelere de de\u011fineceklerini ekledi.<\/p>\n<p>&nbsp;<\/p>\n","protected":false},"excerpt":{"rendered":"<p>MOSKOVA \u2013 Rusya D\u0131\u015fi\u015fleri Bakanl\u0131\u011f\u0131, Suudi Arabistan taraf\u0131n\u0131n giri\u015fimi \u00fczerine d\u00fcn D\u0131\u015fi\u015fleri Bakan\u0131 Sergey Lavrov ile Suudi Arabistan D\u0131\u015fi\u015fleri Bakan\u0131 Saud el Faysal aras\u0131nda bir telefon g\u00f6r\u00fc\u015fmesinin yap\u0131ld\u0131\u011f\u0131n\u0131 a\u00e7\u0131klad\u0131. Rus bakanl\u0131k Lavrov ve Faysal aras\u0131ndaki telefon g\u00f6r\u00fc\u015fmesinde uluslar aras\u0131 ve b\u00f6lgesel d\u00fczeyde \u00f6nemli konular\u0131n ele al\u0131nd\u0131\u011f\u0131n\u0131 ifade ederken; Suriye&#8217;deki krizin siyasi ve diplomatik yollarla \u00e7\u00f6z\u00fcm\u00fcne &hellip;<\/p>\n","protected":false},"author":1,"featured_media":2632,"comment_status":"closed","ping_status":"closed","sticky":false,"template":"","format":"standard","meta":{"footnotes":""},"categories":[447],"tags":[590],"class_list":["post-2631","post","type-post","status-publish","format-standard","has-post-thumbnail","","category-politika","tag-temaslarda-ana-gundem-suriyedeki-kriz"],"_links":{"self":[{"href":"https:\/\/archive.sana.sy\/tr\/index.php?rest_route=\/wp\/v2\/posts\/2631","targetHints":{"allow":["GET"]}}],"collection":[{"href":"https:\/\/archive.sana.sy\/tr\/index.php?rest_route=\/wp\/v2\/posts"}],"about":[{"href":"https:\/\/archive.sana.sy\/tr\/index.php?rest_route=\/wp\/v2\/types\/post"}],"author":[{"embeddable":true,"href":"https:\/\/archive.sana.sy\/tr\/index.php?rest_route=\/wp\/v2\/users\/1"}],"replies":[{"embeddable":true,"href":"https:\/\/archive.sana.sy\/tr\/index.php?rest_route=%2Fwp%2Fv2%2Fcomments&post=2631"}],"version-history":[{"count":0,"href":"https:\/\/archive.sana.sy\/tr\/index.php?rest_route=\/wp\/v2\/posts\/2631\/revisions"}],"wp:featuredmedia":[{"embeddable":true,"href":"https:\/\/archive.sana.sy\/tr\/index.php?rest_route=\/wp\/v2\/media\/2632"}],"wp:attachment":[{"href":"https:\/\/archive.sana.sy\/tr\/index.php?rest_route=%2Fwp%2Fv2%2Fmedia&parent=2631"}],"wp:term":[{"taxonomy":"category","embeddable":true,"href":"https:\/\/archive.sana.sy\/tr\/index.php?rest_route=%2Fwp%2Fv2%2Fcategories&post=2631"},{"taxonomy":"post_tag","embeddable":true,"href":"https:\/\/archive.sana.sy\/tr\/index.php?rest_route=%2Fwp%2Fv2%2Ftags&post=2631"}],"curies":[{"name":"wp","href":"https:\/\/api.w.org\/{rel}","templated":true}]}}