{"id":263175,"date":"2022-09-25T17:38:35","date_gmt":"2022-09-25T14:38:35","guid":{"rendered":"http:\/\/107.6.182.27\/tr\/?p=263175"},"modified":"2022-09-26T08:10:38","modified_gmt":"2022-09-26T05:10:38","slug":"saban-filistinli-heyete-normallesmeyle-yuzlesmek-arap-ulusal-duygusunu-canlandirmaktan-gecer","status":"publish","type":"post","link":"https:\/\/archive.sana.sy\/tr\/?p=263175","title":{"rendered":"\u015eaban Filistinli Heyete: Normalle\u015fmeyle Y\u00fczle\u015fmek Arap Ulusal Duygusunu Canland\u0131rmaktan Ge\u00e7er"},"content":{"rendered":"<p>\u015eAM &#8211; Cumhurba\u015fkanl\u0131\u011f\u0131 \u00d6zel Dan\u0131\u015fman\u0131 Buseyna \u015eaban, Suriye halk\u0131n\u0131n Filistin&#8217;i ana davas\u0131 olarak g\u00f6rd\u00fc\u011f\u00fcn\u00fc ve \u0130srail i\u015fgalinin ger\u00e7ekle\u015ftirdi\u011fi uygulamalar\u0131n Arap varl\u0131\u011f\u0131n\u0131 tamamen ortadan kald\u0131rmay\u0131 ama\u00e7lad\u0131\u011f\u0131n\u0131 belirtti.<\/p>\n<p>\u015eaban, aralar\u0131nda Cephe Genel Sekreter Yard\u0131mc\u0131s\u0131 Cemil Mazher&#8217;in de yer ald\u0131\u011f\u0131 Filistin Halk Kurtulu\u015f Cephesi&#8217;nden bir heyet ile yapt\u0131\u011f\u0131 g\u00f6r\u00fc\u015fmede, Bat\u0131&#8217;n\u0131n ve \u0130srail d\u00fc\u015fman\u0131n\u0131n stratejisinin halk d\u00fczeyinde normalle\u015fmeyi yaymak i\u00e7in \u00e7al\u0131\u015fmak oldu\u011funu belirtti.<\/p>\n<p>\u015eaban, \u0130srail i\u015fgalinin Arap ulusunun zenginli\u011fine h\u00fckmetmek i\u00e7in bir ad\u0131m oldu\u011funa dikkat \u00e7ekerek Filistin halk\u0131n\u0131n Siyonist ter\u00f6re kar\u015f\u0131 koymalar\u0131na yard\u0131mc\u0131 olmak i\u00e7in a\u00e7\u0131k ve destekleyici pozisyonlar alman\u0131n \u00f6neminin alt\u0131n\u0131 \u00e7izdi.<\/p>\n<p>\u015eaban, 2011 Y\u0131l\u0131nda Suriye&#8217;yi ve kurumlar\u0131n\u0131 hedef alman\u0131n \u00f6ncelikle Arap ulusal rol\u00fcn\u00fc ve Filistin davas\u0131 \u00fczerindeki konumunu durdurmay\u0131 ama\u00e7lad\u0131\u011f\u0131n\u0131 vurgulayarak, Bat\u0131l\u0131 \u00fclkelerin ve Siyonist varl\u0131\u011f\u0131n Suriye&#8217;deki ter\u00f6r sava\u015f\u0131n\u0131 planlamak, finanse etmek ve y\u00f6netmek konusunda ba\u015far\u0131s\u0131z kald\u0131\u011f\u0131n\u0131 kaydetti.<\/p>\n<p><img loading=\"lazy\" decoding=\"async\" class=\"size-medium wp-image-263177 alignright\" src=\"http:\/\/107.6.182.27\/tr\/wp-content\/uploads\/2022\/09\/DSC_7060-300x193.jpg\" alt=\"\" width=\"300\" height=\"193\" srcset=\"https:\/\/archive.sana.sy\/tr\/wp-content\/uploads\/2022\/09\/DSC_7060-300x193.jpg 300w, https:\/\/archive.sana.sy\/tr\/wp-content\/uploads\/2022\/09\/DSC_7060-150x97.jpg 150w, https:\/\/archive.sana.sy\/tr\/wp-content\/uploads\/2022\/09\/DSC_7060.jpg 660w\" sizes=\"auto, (max-width: 300px) 100vw, 300px\" \/>\u015eaban Ayr\u0131ca, Suriye&#8217;nin kararl\u0131l\u0131\u011f\u0131n\u0131n bug\u00fcn tan\u0131k oldu\u011fumuz k\u00fcresel d\u00f6n\u00fc\u015f\u00fcmlerde ve b\u00fcy\u00fck de\u011fi\u015fimlerde b\u00fcy\u00fck rol oynad\u0131\u011f\u0131na i\u015faret ederek, Suriye&#8217;nin Filistin halk\u0131n\u0131n m\u00fccadelesini her d\u00fczeyde desteklemek i\u00e7in m\u00fcmk\u00fcn olan her \u015feyi sa\u011flamaya her zaman haz\u0131r oldu\u011funu \u00f6ne s\u00fcrd\u00fc.<\/p>\n<p>\u015eaban, Filistin halk\u0131n\u0131n b\u00fcy\u00fck fedakarl\u0131klar\u0131na dikkat \u00e7ekerek, direni\u015fte birlikte devam edebilmek i\u00e7in bu kahramanlar\u0131n bizimle kalmas\u0131na ihtiyac\u0131m\u0131z oldu\u011funu da kaydetti.<\/p>\n<p>Cephe Genel Sekreter Yard\u0131mc\u0131s\u0131 Cemil Mazher, Suriye&#8217;nin Filistin halk\u0131n\u0131n her alanda desteklenmesinde b\u00fcy\u00fck bir tarihsel role sahip oldu\u011funu ve bu nedenle maruz kald\u0131\u011f\u0131 k\u00fcresel sava\u015f\u0131n temel nedeni oldu\u011funu belirtti.<\/p>\n<p>Cephedeki uluslararas\u0131 ili\u015fkiler ofisi ba\u015fkan\u0131 Maher El Tahir ise, Suriye&#8217;ye yap\u0131lan sald\u0131rganl\u0131\u011f\u0131n Filistin&#8217;in yan\u0131nda yer ald\u0131\u011f\u0131, halk\u0131n\u0131 kucaklad\u0131\u011f\u0131 ve davalar\u0131n\u0131 ana mesele olarak benimsedi\u011fi i\u00e7in geldi\u011fini kaydetti.<\/p>\n<p><a href=\"https:\/\/www.facebook.com\/hashtag\/telegram_kanal%C4%B1m%C4%B1z?__eep__=6&amp;__cft__%5b0%5d=AZVvtPiX7PFooXKLmnUyrAfYszZ26sl9-Ojs28STJLD7vGUDGcxMbIGGdVzOCpXbvVFmVgO-1OldMkCPc9_3Gy6ly-AujTzv7GJcN7bnxplQ_7qJBkUpXLoX_gkAJcrtnFg&amp;__tn__=*NK-R\">#Telegram_Kanal\u0131m\u0131z<\/a>:\u00a0<a href=\"https:\/\/t.me\/SuriyeArapHaberAjans?fbclid=IwAR1q4NimHAnfbLKcW6tSK0-czXIkK6rXHX8nCHT0KYYavHOVx0UR5KH8rYQ\">https:\/\/t.me\/SuriyeArapHaberAjans<\/a>\u0131<\/p>\n","protected":false},"excerpt":{"rendered":"<p>\u015eAM &#8211; Cumhurba\u015fkanl\u0131\u011f\u0131 \u00d6zel Dan\u0131\u015fman\u0131 Buseyna \u015eaban, Suriye halk\u0131n\u0131n Filistin&#8217;i ana davas\u0131 olarak g\u00f6rd\u00fc\u011f\u00fcn\u00fc ve \u0130srail i\u015fgalinin ger\u00e7ekle\u015ftirdi\u011fi uygulamalar\u0131n Arap varl\u0131\u011f\u0131n\u0131 tamamen ortadan kald\u0131rmay\u0131 ama\u00e7lad\u0131\u011f\u0131n\u0131 belirtti. \u015eaban, aralar\u0131nda Cephe Genel Sekreter Yard\u0131mc\u0131s\u0131 Cemil Mazher&#8217;in de yer ald\u0131\u011f\u0131 Filistin Halk Kurtulu\u015f Cephesi&#8217;nden bir heyet ile yapt\u0131\u011f\u0131 g\u00f6r\u00fc\u015fmede, Bat\u0131&#8217;n\u0131n ve \u0130srail d\u00fc\u015fman\u0131n\u0131n stratejisinin halk d\u00fczeyinde normalle\u015fmeyi yaymak &hellip;<\/p>\n","protected":false},"author":41,"featured_media":263176,"comment_status":"closed","ping_status":"closed","sticky":false,"template":"","format":"standard","meta":{"footnotes":""},"categories":[479,17988,478],"tags":[],"class_list":["post-263175","post","type-post","status-publish","format-standard","has-post-thumbnail","","category-haberler-yerel","category-son-haberler","category-yerel"],"_links":{"self":[{"href":"https:\/\/archive.sana.sy\/tr\/index.php?rest_route=\/wp\/v2\/posts\/263175","targetHints":{"allow":["GET"]}}],"collection":[{"href":"https:\/\/archive.sana.sy\/tr\/index.php?rest_route=\/wp\/v2\/posts"}],"about":[{"href":"https:\/\/archive.sana.sy\/tr\/index.php?rest_route=\/wp\/v2\/types\/post"}],"author":[{"embeddable":true,"href":"https:\/\/archive.sana.sy\/tr\/index.php?rest_route=\/wp\/v2\/users\/41"}],"replies":[{"embeddable":true,"href":"https:\/\/archive.sana.sy\/tr\/index.php?rest_route=%2Fwp%2Fv2%2Fcomments&post=263175"}],"version-history":[{"count":0,"href":"https:\/\/archive.sana.sy\/tr\/index.php?rest_route=\/wp\/v2\/posts\/263175\/revisions"}],"wp:featuredmedia":[{"embeddable":true,"href":"https:\/\/archive.sana.sy\/tr\/index.php?rest_route=\/wp\/v2\/media\/263176"}],"wp:attachment":[{"href":"https:\/\/archive.sana.sy\/tr\/index.php?rest_route=%2Fwp%2Fv2%2Fmedia&parent=263175"}],"wp:term":[{"taxonomy":"category","embeddable":true,"href":"https:\/\/archive.sana.sy\/tr\/index.php?rest_route=%2Fwp%2Fv2%2Fcategories&post=263175"},{"taxonomy":"post_tag","embeddable":true,"href":"https:\/\/archive.sana.sy\/tr\/index.php?rest_route=%2Fwp%2Fv2%2Ftags&post=263175"}],"curies":[{"name":"wp","href":"https:\/\/api.w.org\/{rel}","templated":true}]}}