{"id":263188,"date":"2022-09-25T19:01:57","date_gmt":"2022-09-25T16:01:57","guid":{"rendered":"http:\/\/107.6.182.27\/tr\/?p=263188"},"modified":"2022-09-26T08:10:48","modified_gmt":"2022-09-26T05:10:48","slug":"suriyenin-katilimiyla-uluslararasi-telekomunikasyon-birliginin-calismalari-basliyor","status":"publish","type":"post","link":"https:\/\/archive.sana.sy\/tr\/?p=263188","title":{"rendered":"Suriye&#8217;nin Kat\u0131l\u0131m\u0131yla&#8230; Uluslararas\u0131 Telekom\u00fcnikasyon Birli\u011fi\u2019n\u0131n \u00c7al\u0131\u015fmalar\u0131 Ba\u015fl\u0131yor"},"content":{"rendered":"<p>B\u00dcKRE\u015e \u2013 Uluslararas\u0131 Telekom\u00fcnikasyon Birli\u011fi (ITUPP22) konferans\u0131n\u0131n faaliyetleri, ev sahibi \u00fclke ve ITU Ba\u015fkan\u0131 Houlin Zhao&#8217;nun ba\u015fkanl\u0131\u011f\u0131nda ve Suriye, \u0130leti\u015fim ve Teknoloji Bakan\u0131 \u0130yad El Hatib ve beraberindeki heyetin kat\u0131l\u0131m\u0131yla \u00a0bug\u00fcn Romanya&#8217;n\u0131n B\u00fckre\u015f kentinde ba\u015flad\u0131.<\/p>\n<p>Elliden fazla \u00fclkenin kat\u0131ld\u0131\u011f\u0131 konferansta, \u00f6n\u00fcm\u00fczdeki d\u00f6rt y\u0131l i\u00e7in bir dizi ileti\u015fim tavsiyesini i\u00e7eren B\u00fckre\u015f Deklarasyonu imzaland\u0131.<\/p>\n<p><img loading=\"lazy\" decoding=\"async\" class=\"size-full wp-image-263189 alignright\" src=\"http:\/\/107.6.182.27\/tr\/wp-content\/uploads\/2022\/09\/IMG_20220925_165907_023-300x168-1.jpg\" alt=\"\" width=\"300\" height=\"168\" srcset=\"https:\/\/archive.sana.sy\/tr\/wp-content\/uploads\/2022\/09\/IMG_20220925_165907_023-300x168-1.jpg 300w, https:\/\/archive.sana.sy\/tr\/wp-content\/uploads\/2022\/09\/IMG_20220925_165907_023-300x168-1-150x84.jpg 150w\" sizes=\"auto, (max-width: 300px) 100vw, 300px\" \/>\u0130leti\u015fim ve Teknoloji Bakan\u0131 \u0130yad El Hatib yapt\u0131\u011f\u0131 konu\u015fmada, Suriye&#8217;ye y\u00f6nelik ba\u015flat\u0131lan ter\u00f6r sava\u015f\u0131na ve baz\u0131 \u00fclkelerin Suriye&#8217;ye uygulad\u0131\u011f\u0131 ku\u015fatmaya ra\u011fmen, Suriye h\u00fck\u00fcmetinin hizmet sunumunu normal y\u00f6ntemden elektronik ortama kayd\u0131rmak amac\u0131yla bir dijital d\u00f6n\u00fc\u015f\u00fcm stratejisini onaylad\u0131\u011f\u0131n\u0131 belirtti.<\/p>\n<p>El Hatib konu\u015fmas\u0131nda, dijital d\u00f6n\u00fc\u015f\u00fcm s\u00fcrecine kat\u0131lan t\u00fcm \u00fclkelerin \u00e7e\u015fitli kesimlerini garanti alt\u0131na alan politika ve stratejiler geli\u015ftirmek i\u00e7in ortakla\u015fa \u00e7al\u0131\u015fma ihtiyac\u0131na da i\u015faret etti.<\/p>\n<p><a href=\"https:\/\/www.facebook.com\/hashtag\/telegram_kanal%C4%B1m%C4%B1z?__eep__=6&amp;__cft__%5b0%5d=AZVvtPiX7PFooXKLmnUyrAfYszZ26sl9-Ojs28STJLD7vGUDGcxMbIGGdVzOCpXbvVFmVgO-1OldMkCPc9_3Gy6ly-AujTzv7GJcN7bnxplQ_7qJBkUpXLoX_gkAJcrtnFg&amp;__tn__=*NK-R\">#Telegram_Kanal\u0131m\u0131z<\/a>:\u00a0<a href=\"https:\/\/t.me\/SuriyeArapHaberAjans?fbclid=IwAR1q4NimHAnfbLKcW6tSK0-czXIkK6rXHX8nCHT0KYYavHOVx0UR5KH8rYQ\">https:\/\/t.me\/SuriyeArapHaberAjans<\/a>\u0131<\/p>\n","protected":false},"excerpt":{"rendered":"<p>B\u00dcKRE\u015e \u2013 Uluslararas\u0131 Telekom\u00fcnikasyon Birli\u011fi (ITUPP22) konferans\u0131n\u0131n faaliyetleri, ev sahibi \u00fclke ve ITU Ba\u015fkan\u0131 Houlin Zhao&#8217;nun ba\u015fkanl\u0131\u011f\u0131nda ve Suriye, \u0130leti\u015fim ve Teknoloji Bakan\u0131 \u0130yad El Hatib ve beraberindeki heyetin kat\u0131l\u0131m\u0131yla \u00a0bug\u00fcn Romanya&#8217;n\u0131n B\u00fckre\u015f kentinde ba\u015flad\u0131. Elliden fazla \u00fclkenin kat\u0131ld\u0131\u011f\u0131 konferansta, \u00f6n\u00fcm\u00fczdeki d\u00f6rt y\u0131l i\u00e7in bir dizi ileti\u015fim tavsiyesini i\u00e7eren B\u00fckre\u015f Deklarasyonu imzaland\u0131. \u0130leti\u015fim ve Teknoloji &hellip;<\/p>\n","protected":false},"author":41,"featured_media":263190,"comment_status":"closed","ping_status":"closed","sticky":false,"template":"","format":"standard","meta":{"footnotes":""},"categories":[458,459,17988],"tags":[],"class_list":["post-263188","post","type-post","status-publish","format-standard","has-post-thumbnail","","category-dunya1","category-haberler-arap-uluslararasi-politika","category-son-haberler"],"_links":{"self":[{"href":"https:\/\/archive.sana.sy\/tr\/index.php?rest_route=\/wp\/v2\/posts\/263188","targetHints":{"allow":["GET"]}}],"collection":[{"href":"https:\/\/archive.sana.sy\/tr\/index.php?rest_route=\/wp\/v2\/posts"}],"about":[{"href":"https:\/\/archive.sana.sy\/tr\/index.php?rest_route=\/wp\/v2\/types\/post"}],"author":[{"embeddable":true,"href":"https:\/\/archive.sana.sy\/tr\/index.php?rest_route=\/wp\/v2\/users\/41"}],"replies":[{"embeddable":true,"href":"https:\/\/archive.sana.sy\/tr\/index.php?rest_route=%2Fwp%2Fv2%2Fcomments&post=263188"}],"version-history":[{"count":0,"href":"https:\/\/archive.sana.sy\/tr\/index.php?rest_route=\/wp\/v2\/posts\/263188\/revisions"}],"wp:featuredmedia":[{"embeddable":true,"href":"https:\/\/archive.sana.sy\/tr\/index.php?rest_route=\/wp\/v2\/media\/263190"}],"wp:attachment":[{"href":"https:\/\/archive.sana.sy\/tr\/index.php?rest_route=%2Fwp%2Fv2%2Fmedia&parent=263188"}],"wp:term":[{"taxonomy":"category","embeddable":true,"href":"https:\/\/archive.sana.sy\/tr\/index.php?rest_route=%2Fwp%2Fv2%2Fcategories&post=263188"},{"taxonomy":"post_tag","embeddable":true,"href":"https:\/\/archive.sana.sy\/tr\/index.php?rest_route=%2Fwp%2Fv2%2Ftags&post=263188"}],"curies":[{"name":"wp","href":"https:\/\/api.w.org\/{rel}","templated":true}]}}