{"id":263210,"date":"2022-09-26T11:46:24","date_gmt":"2022-09-26T08:46:24","guid":{"rendered":"http:\/\/107.6.182.27\/tr\/?p=263210"},"modified":"2022-09-27T08:30:09","modified_gmt":"2022-09-27T05:30:09","slug":"mikdad-ve-abdullehyan-iki-ulkeyi-hedef-alan-bati-politikalariyla-mucadelede-suriye-ve-iran-arasinda-surekli-koordinasyon-ve-istisare-devam-edecek","status":"publish","type":"post","link":"https:\/\/archive.sana.sy\/tr\/?p=263210","title":{"rendered":"Mikdad Ve Abd\u00fcllehyan: \u0130ki \u00dclkeyi Hedef Alan Bat\u0131 Politikalar\u0131yla M\u00fccadelede Suriye Ve \u0130ran Aras\u0131nda S\u00fcrekli Koordinasyon Ve \u0130sti\u015fare Devam Edecek"},"content":{"rendered":"<p>NEW YORK &#8211; D\u0131\u015fi\u015fleri ve Gurbet\u00e7iler Bakan\u0131 Faysal Mikdad, \u0130ranl\u0131 mevkida\u015f\u0131 H\u00fcseyin Emir Abd\u00fcllehyan ile Birle\u015fmi\u015f Milletler Genel Kurulu toplant\u0131lar\u0131n\u0131n oturum aralar\u0131nda b\u00f6lgedeki son geli\u015fmeleri g\u00f6r\u00fc\u015ft\u00fc.<\/p>\n<p>\u0130ki bakan, ikili ili\u015fkilerle ilgili bir dizi y\u00f6n\u00fc ve \u00f6zellikle ABD ve di\u011fer Bat\u0131l\u0131 \u00fclkeler taraf\u0131ndan \u00fclkelerine dayat\u0131lan tek tarafl\u0131 zorlay\u0131c\u0131 yapt\u0131r\u0131mlar\u0131n olumsuz etkileri kar\u015f\u0131s\u0131nda, her alanda bunlar\u0131 geli\u015ftirmenin yollar\u0131n\u0131 ele alarak, bu ili\u015fkilerin stratejik, sa\u011flam ve farkl\u0131 oldu\u011funu ve iki \u00fclke halklar\u0131n\u0131n \u00e7\u0131karlar\u0131na hizmet etti\u011fini belirttiler.<\/p>\n<p>Mikdad ve Abd\u00fcllehyan, Suriye ile \u0130ran aras\u0131nda \u00e7e\u015fitli alanlarda ve uluslararas\u0131 forumlarda mevcut olan koordinasyon ve isti\u015fare d\u00fczeyini hat\u0131rlatarak, iki \u00fclkeyi hedef alan Bat\u0131 politikalar\u0131na kar\u015f\u0131 koymak i\u00e7in bunu s\u00fcrd\u00fcrmenin \u00f6nemini vurgulad\u0131lar.<\/p>\n<p>\u0130ki bakan, Suriye&#8217;de daha fazla istikrar ve g\u00fcvenli\u011fin sa\u011flanmas\u0131na katk\u0131 sa\u011flayabilecek Astana form\u00fcl\u00fcne desteklerini belirterek, Suriye&#8217;de ter\u00f6rle m\u00fccadelenin kesin olarak ortadan kalkmas\u0131na kadar devam etmesi gerekti\u011fi konusunda g\u00f6r\u00fc\u015f birli\u011fine vard\u0131.<\/p>\n<p>Abd\u00fcllehyan, \u00fclkesinin Suriye&#8217;ye siyasi ve ekonomik olarak ve ter\u00f6rle m\u00fccadele alan\u0131nda devam eden deste\u011fini yinelerken, Mikdad Suriye&#8217;nin \u0130ran&#8217;\u0131n n\u00fckleer dosyadaki pozisyonuna verdi\u011fi deste\u011fi dile getirdi ve ABD&#8217;yi \u015fimdiye kadar anla\u015fmay\u0131 engellemekle su\u00e7lad\u0131.<\/p>\n<p><a href=\"https:\/\/www.facebook.com\/hashtag\/telegram_kanal%C4%B1m%C4%B1z?__eep__=6&amp;__cft__%5b0%5d=AZUEjbJsMJQ_ttAavr352n6eXwBazo1jfPGZLFANnx_b2GIA1NmFBINxfDVf7UUHF8dsb_a7QnsveukFyu5ATEgOonB8SZRbX2l9ARSLjmawlwaRfQuoBjbjp_6aSMUvpUo&amp;__tn__=*NK-R\">#Telegram_Kanal\u0131m\u0131z<\/a>:\u00a0<a href=\"https:\/\/t.me\/SuriyeArapHaberAjans%C4%B1\">https:\/\/t.me\/SuriyeArapHaberAjans\u0131<\/a><\/p>\n","protected":false},"excerpt":{"rendered":"<p>NEW YORK &#8211; D\u0131\u015fi\u015fleri ve Gurbet\u00e7iler Bakan\u0131 Faysal Mikdad, \u0130ranl\u0131 mevkida\u015f\u0131 H\u00fcseyin Emir Abd\u00fcllehyan ile Birle\u015fmi\u015f Milletler Genel Kurulu toplant\u0131lar\u0131n\u0131n oturum aralar\u0131nda b\u00f6lgedeki son geli\u015fmeleri g\u00f6r\u00fc\u015ft\u00fc. \u0130ki bakan, ikili ili\u015fkilerle ilgili bir dizi y\u00f6n\u00fc ve \u00f6zellikle ABD ve di\u011fer Bat\u0131l\u0131 \u00fclkeler taraf\u0131ndan \u00fclkelerine dayat\u0131lan tek tarafl\u0131 zorlay\u0131c\u0131 yapt\u0131r\u0131mlar\u0131n olumsuz etkileri kar\u015f\u0131s\u0131nda, her alanda bunlar\u0131 geli\u015ftirmenin &hellip;<\/p>\n","protected":false},"author":1,"featured_media":263211,"comment_status":"closed","ping_status":"closed","sticky":false,"template":"","format":"standard","meta":{"footnotes":""},"categories":[458,459,17988],"tags":[],"class_list":["post-263210","post","type-post","status-publish","format-standard","has-post-thumbnail","","category-dunya1","category-haberler-arap-uluslararasi-politika","category-son-haberler"],"_links":{"self":[{"href":"https:\/\/archive.sana.sy\/tr\/index.php?rest_route=\/wp\/v2\/posts\/263210","targetHints":{"allow":["GET"]}}],"collection":[{"href":"https:\/\/archive.sana.sy\/tr\/index.php?rest_route=\/wp\/v2\/posts"}],"about":[{"href":"https:\/\/archive.sana.sy\/tr\/index.php?rest_route=\/wp\/v2\/types\/post"}],"author":[{"embeddable":true,"href":"https:\/\/archive.sana.sy\/tr\/index.php?rest_route=\/wp\/v2\/users\/1"}],"replies":[{"embeddable":true,"href":"https:\/\/archive.sana.sy\/tr\/index.php?rest_route=%2Fwp%2Fv2%2Fcomments&post=263210"}],"version-history":[{"count":0,"href":"https:\/\/archive.sana.sy\/tr\/index.php?rest_route=\/wp\/v2\/posts\/263210\/revisions"}],"wp:featuredmedia":[{"embeddable":true,"href":"https:\/\/archive.sana.sy\/tr\/index.php?rest_route=\/wp\/v2\/media\/263211"}],"wp:attachment":[{"href":"https:\/\/archive.sana.sy\/tr\/index.php?rest_route=%2Fwp%2Fv2%2Fmedia&parent=263210"}],"wp:term":[{"taxonomy":"category","embeddable":true,"href":"https:\/\/archive.sana.sy\/tr\/index.php?rest_route=%2Fwp%2Fv2%2Fcategories&post=263210"},{"taxonomy":"post_tag","embeddable":true,"href":"https:\/\/archive.sana.sy\/tr\/index.php?rest_route=%2Fwp%2Fv2%2Ftags&post=263210"}],"curies":[{"name":"wp","href":"https:\/\/api.w.org\/{rel}","templated":true}]}}