{"id":263216,"date":"2022-09-26T02:55:11","date_gmt":"2022-09-25T23:55:11","guid":{"rendered":"http:\/\/107.6.182.27\/tr\/?p=263216"},"modified":"2022-09-27T08:28:24","modified_gmt":"2022-09-27T05:28:24","slug":"saglik-tespit-edilen-kolera-sayisi-338-vaka","status":"publish","type":"post","link":"https:\/\/archive.sana.sy\/tr\/?p=263216","title":{"rendered":"Sa\u011fl\u0131k: Tespit Edilen Kolera Say\u0131s\u0131 338 Vaka"},"content":{"rendered":"<p>\u015eAM &#8211; Sa\u011fl\u0131k Bakanl\u0131\u011f\u0131, h\u0131zl\u0131 testlerle teyit edilen toplam kolera vakas\u0131 say\u0131s\u0131n\u0131n 338&#8217;e, \u00f6l\u00fc say\u0131s\u0131n\u0131n ise 29&#8217;a ula\u015ft\u0131\u011f\u0131n\u0131 ilan etti.<\/p>\n<p>Bakanl\u0131kta Bula\u015f\u0131c\u0131 ve Kronik Hastal\u0131klar Direkt\u00f6r\u00fc Dr. Z\u00fcheyr Al Sahvi SANA&#8217;ya yapt\u0131\u011f\u0131 a\u00e7\u0131klamada, vakalar\u0131n Halep 230, Deyrezzor 55, Haseke 25, Lazkiye 19, Homs 5 ve \u015eam&#8217;da 4 oldu\u011funu a\u00e7\u0131klayarak, vefat olaylar\u0131n\u0131n Halep 25, Deyrezzor ve Vitan ile Haseke ve Vitan&#8217;da da\u011f\u0131ld\u0131\u011f\u0131na dikkat \u00e7ekiyor.<\/p>\n<p>El Sahvi, iki yeni vakan\u0131n biri Deyrezzor&#8217;dan di\u011feri Haseke&#8217;den gelen bir ki\u015fide olmak \u00fczere iki yeni vakan\u0131n oldu\u011funu, iki eski yaral\u0131n\u0131n hastaneden taburcu edildi\u011fini durumlar\u0131n\u0131n iyi ve istikrarl\u0131 oldu\u011funu,<\/p>\n<p>\u015f\u00fcpheli bir enfeksiyon durumunda erken t\u0131bbi yard\u0131m alman\u0131n \u00f6neml\u00fc oldu\u011funu \u00e7\u00fcnk\u00fc \u00f6l\u00fcmlerin \u00e7o\u011funun t\u0131bbi bak\u0131m aramadaki gecikmelerden veya kronik hastal\u0131klar\u0131 olan ki\u015filerden kaynakland\u0131\u011f\u0131na dikkat \u00e7ekti.<\/p>\n<p>El Sahvi, ellerin s\u0131k s\u0131k sabun ve su ile y\u0131kanmas\u0131 ve g\u00fcvenli bir kaynaktan su i\u00e7ilmesinin \u00f6nlenmesinin \u00f6nemini, bulunamazsa iki dakika kaynat\u0131l\u0131p, temiz ve kapal\u0131 bir kapta muhafaza edilmesinin \u00f6nemini buna ek olarak, meyve ve sebzeleri iyi y\u0131kamak, yemekleri pi\u015firmek, uygun s\u0131cakl\u0131kta tutmak ve men\u015fei bilinmeyen veya g\u00fcvenli\u011finden \u015f\u00fcphelenilen hi\u00e7bir \u015feyi i\u00e7memek ve yememek oldu\u011funa dikkat \u00e7ekti.<\/p>\n<p><a href=\"https:\/\/www.facebook.com\/hashtag\/telegram_kanal%C4%B1m%C4%B1z?__eep__=6&amp;__cft__%5b0%5d=AZUEjbJsMJQ_ttAavr352n6eXwBazo1jfPGZLFANnx_b2GIA1NmFBINxfDVf7UUHF8dsb_a7QnsveukFyu5ATEgOonB8SZRbX2l9ARSLjmawlwaRfQuoBjbjp_6aSMUvpUo&amp;__tn__=*NK-R\">#Telegram_Kanal\u0131m\u0131z<\/a>:\u00a0<a href=\"https:\/\/t.me\/SuriyeArapHaberAjans%C4%B1\">https:\/\/t.me\/SuriyeArapHaberAjans\u0131<\/a><\/p>\n<p>&nbsp;<\/p>\n","protected":false},"excerpt":{"rendered":"<p>\u015eAM &#8211; Sa\u011fl\u0131k Bakanl\u0131\u011f\u0131, h\u0131zl\u0131 testlerle teyit edilen toplam kolera vakas\u0131 say\u0131s\u0131n\u0131n 338&#8217;e, \u00f6l\u00fc say\u0131s\u0131n\u0131n ise 29&#8217;a ula\u015ft\u0131\u011f\u0131n\u0131 ilan etti. Bakanl\u0131kta Bula\u015f\u0131c\u0131 ve Kronik Hastal\u0131klar Direkt\u00f6r\u00fc Dr. Z\u00fcheyr Al Sahvi SANA&#8217;ya yapt\u0131\u011f\u0131 a\u00e7\u0131klamada, vakalar\u0131n Halep 230, Deyrezzor 55, Haseke 25, Lazkiye 19, Homs 5 ve \u015eam&#8217;da 4 oldu\u011funu a\u00e7\u0131klayarak, vefat olaylar\u0131n\u0131n Halep 25, Deyrezzor ve &hellip;<\/p>\n","protected":false},"author":1,"featured_media":263217,"comment_status":"closed","ping_status":"closed","sticky":false,"template":"","format":"standard","meta":{"footnotes":""},"categories":[526,479,17988,525,478],"tags":[],"class_list":["post-263216","post","type-post","status-publish","format-standard","has-post-thumbnail","","category-haber-ve-raporlar","category-haberler-yerel","category-son-haberler","category-toplum","category-yerel"],"_links":{"self":[{"href":"https:\/\/archive.sana.sy\/tr\/index.php?rest_route=\/wp\/v2\/posts\/263216","targetHints":{"allow":["GET"]}}],"collection":[{"href":"https:\/\/archive.sana.sy\/tr\/index.php?rest_route=\/wp\/v2\/posts"}],"about":[{"href":"https:\/\/archive.sana.sy\/tr\/index.php?rest_route=\/wp\/v2\/types\/post"}],"author":[{"embeddable":true,"href":"https:\/\/archive.sana.sy\/tr\/index.php?rest_route=\/wp\/v2\/users\/1"}],"replies":[{"embeddable":true,"href":"https:\/\/archive.sana.sy\/tr\/index.php?rest_route=%2Fwp%2Fv2%2Fcomments&post=263216"}],"version-history":[{"count":0,"href":"https:\/\/archive.sana.sy\/tr\/index.php?rest_route=\/wp\/v2\/posts\/263216\/revisions"}],"wp:featuredmedia":[{"embeddable":true,"href":"https:\/\/archive.sana.sy\/tr\/index.php?rest_route=\/wp\/v2\/media\/263217"}],"wp:attachment":[{"href":"https:\/\/archive.sana.sy\/tr\/index.php?rest_route=%2Fwp%2Fv2%2Fmedia&parent=263216"}],"wp:term":[{"taxonomy":"category","embeddable":true,"href":"https:\/\/archive.sana.sy\/tr\/index.php?rest_route=%2Fwp%2Fv2%2Fcategories&post=263216"},{"taxonomy":"post_tag","embeddable":true,"href":"https:\/\/archive.sana.sy\/tr\/index.php?rest_route=%2Fwp%2Fv2%2Ftags&post=263216"}],"curies":[{"name":"wp","href":"https:\/\/api.w.org\/{rel}","templated":true}]}}